{"id":10034,"date":"2020-09-08T17:00:39","date_gmt":"2020-09-08T19:00:39","guid":{"rendered":"https:\/\/entrepolos.com.br\/?p=10034"},"modified":"2023-10-04T15:35:30","modified_gmt":"2023-10-04T18:35:30","slug":"monte-nebo-o-mirante-para-a-terra-prometida","status":"publish","type":"post","link":"https:\/\/foradazonadeconforto.com\/entrepolos\/monte-nebo-o-mirante-para-a-terra-prometida\/","title":{"rendered":"Tudo Sobre Monte Nebo, o Mirante para a Terra Prometida"},"content":{"rendered":"<p class=\"has-text-align-center\"> <div class='code-block code-block-1' style='margin: 8px auto; text-align: center; display: block; clear: both;'>\n<script async src=\"\/\/pagead2.googlesyndication.com\/pagead\/js\/adsbygoogle.js\"><\/script>\n<!-- Big over the map -->\n<ins class=\"adsbygoogle\"\n     style=\"display:inline-block;width:728px;height:90px\"\n     data-ad-client=\"ca-pub-1901420619701950\"\n     data-ad-slot=\"6136327854\"><\/ins>\n<script>\n(adsbygoogle = window.adsbygoogle || []).push({});\n<\/script><\/div>\n<\/p>\n\n\n\n<p>O Monte Nebo \u00e9 mencionado na <strong>B\u00edblia<\/strong> como sendo o local de onde <strong>Mois\u00e9s<\/strong> avistou a <strong>Terra Prometida<\/strong> depois de ter liderado os israelitas em sua fuga do Egito. Acredita-se que Mois\u00e9s morreu e foi enterrado naquela regi\u00e3o, mas nenhum vest\u00edgio jamais foi encontrado.&nbsp;&nbsp;<\/p>\n\n\n\n<p>Atualmente, as instala\u00e7\u00f5es no alto do Monte Nebo (700 m) incluem um <strong>memorial<\/strong> dedicado \u00e0 Mois\u00e9s, um <strong>monast\u00e9rio<\/strong> franciscano em atividade, um pequeno <strong>museu<\/strong> e um <strong>s\u00edtio arqueol\u00f3gico<\/strong>.&nbsp; Al\u00e9m de tudo que l\u00e1 est\u00e1 presente, o local ainda proporciona uma<strong> bela vista panor\u00e2mica<\/strong> do <strong>Mar Morto<\/strong>, de <strong>Israel<\/strong> e dos <strong>Territ\u00f3rios Palestinos<\/strong>, mas \u00e9 claro, em dias sem n\u00e9voa.<\/p>\n\n\n\n<p>O local faz parte da maioria dos roteiros na <strong>Jord\u00e2nia <\/strong>e \u00e9 visitado por pessoas do mundo inteiro, n\u00e3o somente pelo seu contexto religioso, mas tamb\u00e9m pela <strong>import\u00e2ncia art\u00edstica.<\/strong> S\u00e3o muitos os restos arquitet\u00f4nicos e os mosaicos bizantinos encontrados na regi\u00e3o que est\u00e3o ali preservados e expostos.&nbsp;<\/p>\n\n\n<div class=\"wp-block-image\">\n<figure class=\"aligncenter size-large is-resized\"><img loading=\"lazy\" decoding=\"async\" src=\"https:\/\/foradazonadeconforto.com\/entrepolos\/wp-content\/uploads\/2020\/09\/montenebo-766x1024.jpg\" alt=\"\" class=\"wp-image-10041\" width=\"518\" height=\"693\" srcset=\"https:\/\/foradazonadeconforto.com\/entrepolos\/wp-content\/uploads\/2020\/09\/montenebo-766x1024.jpg 766w, https:\/\/foradazonadeconforto.com\/entrepolos\/wp-content\/uploads\/2020\/09\/montenebo-225x300.jpg 225w, https:\/\/foradazonadeconforto.com\/entrepolos\/wp-content\/uploads\/2020\/09\/montenebo-768x1026.jpg 768w, https:\/\/foradazonadeconforto.com\/entrepolos\/wp-content\/uploads\/2020\/09\/montenebo.jpg 898w\" sizes=\"auto, (max-width: 518px) 100vw, 518px\" \/><figcaption class=\"wp-element-caption\">O Mar Morto est\u00e1 \u00e0 esquerda<\/figcaption><\/figure><\/div>\n\n\n<p><\/p>\n\n\n\n<p>O <strong>Monte Nebo<\/strong> est\u00e1 localizado a apenas 9 km da cidade de Madaba, a cidade dos mosaicos e a menos de 30 km de<strong> Am\u00e3<\/strong>, a capital da Jord\u00e2nia. Como j\u00e1 mencionei, esse passeio pode ser facilmente inclu\u00eddo em uma viagem \u00e0 Israel. Os dois pa\u00edses t\u00eam rela\u00e7\u00f5es diplom\u00e1ticas, ent\u00e3o a fronteira terrestre \u00e9 aberta.<\/p>\n\n\n\n<p>J\u00e1 escrevi um pouco sobre minha visita \u00e0<a href=\"https:\/\/foradazonadeconforto.com\/entrepolos\/petra-tour-virtual\/\" target=\"_blank\" rel=\"noreferrer noopener\"> Petra<\/a>, que fica ao sul do pa\u00eds a mais ou menos 200 km de dist\u00e2ncia. \u00c9 poss\u00edvel fazer todo esse trajeto com carro alugado ou comprando passeios organizados por ag\u00eancias de viagens.<\/p>\n\n\n\n<p>&gt;&gt; Leia tamb\u00e9m o post <a href=\"https:\/\/foradazonadeconforto.com\/entrepolos\/oriente-medio-paises\/\" target=\"_blank\" rel=\"noreferrer noopener\">Conhecendo o Oriente M\u00e9dio<\/a>.<\/p>\n\n\n\n<h2 class=\"wp-block-heading\" id=\"livro-do-amor\">Livro do Amor<\/h2>\n\n\n\n<p>Assim que se entra nos port\u00f5es do complexo, pode-se avistar essa <strong>escultura moderna<\/strong>. Ela \u00e9 intitulada Livro do Amor entre as na\u00e7\u00f5es e foi criada pelo escultor italiano Vincenzo Bianchi em comemora\u00e7\u00e3o \u00e0 visita do Papa Jo\u00e3o Paulo II no ano 2000.<\/p>\n\n\n<div class=\"wp-block-image\">\n<figure class=\"aligncenter size-large is-resized\"><img loading=\"lazy\" decoding=\"async\" src=\"https:\/\/foradazonadeconforto.com\/entrepolos\/wp-content\/uploads\/2020\/09\/20190918_111247-Copy-766x1024.jpg\" alt=\"livro do amor no Monte Nebo\" class=\"wp-image-10036\" width=\"557\" height=\"745\" srcset=\"https:\/\/foradazonadeconforto.com\/entrepolos\/wp-content\/uploads\/2020\/09\/20190918_111247-Copy-766x1024.jpg 766w, https:\/\/foradazonadeconforto.com\/entrepolos\/wp-content\/uploads\/2020\/09\/20190918_111247-Copy-225x300.jpg 225w, https:\/\/foradazonadeconforto.com\/entrepolos\/wp-content\/uploads\/2020\/09\/20190918_111247-Copy-768x1026.jpg 768w, https:\/\/foradazonadeconforto.com\/entrepolos\/wp-content\/uploads\/2020\/09\/20190918_111247-Copy.jpg 898w\" sizes=\"auto, (max-width: 557px) 100vw, 557px\" \/><\/figure><\/div>\n\n\n<p><\/p>\n\n\n\n<p>O monumento lembra uma <strong>pedra megal\u00edtica<\/strong> como as que s\u00e3o encontradas na regi\u00e3o do Monte Nebo, por\u00e9m retrata um livro numa men\u00e7\u00e3o aos <strong>Povos de Livro <\/strong>&#8211; Judeus, Crist\u00e3os e Mu\u00e7ulmanos.&nbsp; Mois\u00e9s est\u00e1 presente mais do que qualquer outro profeta b\u00edblico nas p\u00e1ginas dos Livros Sagrados do <strong>Juda\u00edsmo<\/strong>, <strong>Cristianismo<\/strong> e <strong>Islamismo<\/strong>.<\/p>\n\n\n\n<p>Em latim e \u00e1rabe se l\u00ea: \u201c<strong>Deus \u00e9 Amor<\/strong>\u201d e \u201c<strong>Um Deus, Pai de todos, que est\u00e1 acima de todos<\/strong>.\u201d&nbsp;<\/p>\n\n\n\n<h2 class=\"wp-block-heading\" id=\"memorial-de-moises\">Memorial de Mois\u00e9s<\/h2>\n\n\n\n<p>Possivelmente foi no s\u00e9culo IV que os crist\u00e3os da regi\u00e3o de Madaba constru\u00edram o <strong>primeiro memorial em honra \u00e0 Mois\u00e9s<\/strong> no pico <strong>Siyagha<\/strong> (palavra que em grego significa monast\u00e9rio). Contudo a igreja foi mais tarde destru\u00edda por um terremoto e uma nova igreja foi reconstru\u00edda nos anos seguintes.<\/p>\n\n\n\n<p>Devido ao crescente n\u00famero de peregrinos, nos s\u00e9culos V e VI, foram agregados um batist\u00e9rio, as naves laterais e uma capela dedicada \u00e0 <strong>Theotokos<\/strong>, M\u00e3e de Deus em grego.&nbsp;<\/p>\n\n\n\n<p>No s\u00e9culo XVI a \u00e1rea foi abandonada e os edif\u00edcios ca\u00edram em um estado de degrada\u00e7\u00e3o, at\u00e9 que todo o terreno foi comprado, em 1993, pelos franciscanos da <a href=\"https:\/\/www.custodia.org\/en\" target=\"_blank\" rel=\"noreferrer noopener nofollow\">Cust\u00f3dia Terra Santa<\/a>.&nbsp;<\/p>\n\n\n\n<p>A<strong> Cust\u00f3dia da Terra Santa<\/strong> \u00e9 uma institui\u00e7\u00e3o cat\u00f3lica, administrada pela <strong>Ordem Franciscana<\/strong>, que tem por objetivo proteger e zelar pelos locais crist\u00e3os na <a href=\"https:\/\/foradazonadeconforto.com\/entrepolos\/viagem-terra-santa\/\" target=\"_blank\" rel=\"noreferrer noopener\">Terra Santa<\/a>.<\/p>\n\n\n<div class=\"wp-block-image\">\n<figure class=\"aligncenter size-large is-resized\"><img loading=\"lazy\" decoding=\"async\" src=\"https:\/\/foradazonadeconforto.com\/entrepolos\/wp-content\/uploads\/2020\/09\/montenebo3-1024x766.jpg\" alt=\"\" class=\"wp-image-10037\" width=\"745\" height=\"557\" srcset=\"https:\/\/foradazonadeconforto.com\/entrepolos\/wp-content\/uploads\/2020\/09\/montenebo3-1024x766.jpg 1024w, https:\/\/foradazonadeconforto.com\/entrepolos\/wp-content\/uploads\/2020\/09\/montenebo3-300x225.jpg 300w, https:\/\/foradazonadeconforto.com\/entrepolos\/wp-content\/uploads\/2020\/09\/montenebo3-768x575.jpg 768w, https:\/\/foradazonadeconforto.com\/entrepolos\/wp-content\/uploads\/2020\/09\/montenebo3.jpg 1069w\" sizes=\"auto, (max-width: 745px) 100vw, 745px\" \/><\/figure><\/div>\n\n\n<p><\/p>\n\n\n\n<p>Hoje um novo edif\u00edcio protege e exibe os <strong>restos arqueol\u00f3gicos do antigo Memorial<\/strong> e oferece um <strong>local de culto<\/strong>.<\/p>\n\n\n\n<h2 class=\"wp-block-heading\" id=\"mosaicos-bizantinos\">Mosaicos Bizantinos<\/h2>\n\n\n\n<p>O resultado do trabalho dos franciscanos pode ser visto tanto dentro da igreja como nos edif\u00edcios no seu entorno. <strong>A restaura\u00e7\u00e3o dos mosaicos<\/strong> encontrados no <strong>Monte Nebo<\/strong> e tamb\u00e9m nos vilarejos vizinhos s\u00e3o fundamentais para entender o desenvolvimento dessa arte bizantina.&nbsp;<\/p>\n\n\n<div class=\"wp-block-image\">\n<figure class=\"aligncenter size-large is-resized\"><img loading=\"lazy\" decoding=\"async\" src=\"https:\/\/foradazonadeconforto.com\/entrepolos\/wp-content\/uploads\/2020\/09\/montenebo4-1024x766.jpg\" alt=\"mosaico em restaura\u00e7\u00e3o no monte nebo\" class=\"wp-image-10042\" width=\"741\" height=\"554\" srcset=\"https:\/\/foradazonadeconforto.com\/entrepolos\/wp-content\/uploads\/2020\/09\/montenebo4-1024x766.jpg 1024w, https:\/\/foradazonadeconforto.com\/entrepolos\/wp-content\/uploads\/2020\/09\/montenebo4-300x225.jpg 300w, https:\/\/foradazonadeconforto.com\/entrepolos\/wp-content\/uploads\/2020\/09\/montenebo4-768x575.jpg 768w, https:\/\/foradazonadeconforto.com\/entrepolos\/wp-content\/uploads\/2020\/09\/montenebo4.jpg 1069w\" sizes=\"auto, (max-width: 741px) 100vw, 741px\" \/><figcaption class=\"wp-element-caption\">mosaico em restaura\u00e7\u00e3o<\/figcaption><\/figure><\/div>\n\n\n<p><\/p>\n\n\n\n<p>O Monte Nebo, tamb\u00e9m \u00e9 um s\u00edtio arqueol\u00f3gico onde escava\u00e7\u00f5es prosseguem ao longo dos anos e a restaura\u00e7\u00e3o das obras continuam a serem realizadas pelos arque\u00f3logos franciscanos. Essa \u00e1rea fica pr\u00f3xima ao museu em um ambiente aberto, apenas protegido por um telhado. Vale a pena parar para ver o processo.<\/p>\n\n\n\n<p>Os mosaicos s\u00e3o um arquivo precioso n\u00e3o apenas para a hist\u00f3ria daquela comunidade como para todo o mundo.<\/p>\n\n\n<div class=\"wp-block-image\">\n<figure class=\"aligncenter size-large is-resized\"><img loading=\"lazy\" decoding=\"async\" src=\"https:\/\/foradazonadeconforto.com\/entrepolos\/wp-content\/uploads\/2020\/09\/montenebo7-1024x768.jpg\" alt=\"\" class=\"wp-image-10038\" width=\"737\" height=\"553\" srcset=\"https:\/\/foradazonadeconforto.com\/entrepolos\/wp-content\/uploads\/2020\/09\/montenebo7-1024x768.jpg 1024w, https:\/\/foradazonadeconforto.com\/entrepolos\/wp-content\/uploads\/2020\/09\/montenebo7-300x225.jpg 300w, https:\/\/foradazonadeconforto.com\/entrepolos\/wp-content\/uploads\/2020\/09\/montenebo7-768x576.jpg 768w, https:\/\/foradazonadeconforto.com\/entrepolos\/wp-content\/uploads\/2020\/09\/montenebo7.jpg 1067w\" sizes=\"auto, (max-width: 737px) 100vw, 737px\" \/><\/figure><\/div>\n\n\n<p><\/p>\n\n\n\n<p>O mosaico acima \u00e9 chamado de <strong>Batist\u00e9rio de Diakonikon,<\/strong> com cenas de ca\u00e7a e pastorais coloridas quase todas intactas, \u00e9 um dos mosaicos bizantinos mais not\u00e1veis da Jord\u00e2nia.<\/p>\n\n\n\n<p>A maioria das inscri\u00e7\u00f5es encontradas nos mosaicos s\u00e3o usualmente em grego, no entanto, como vi nos pain\u00e9is que est\u00e3o no museu, existem v\u00e1rias escritas em palestino-aramaico, uma l\u00edngua anterior ao aramaico e que era usada pelos habitantes daquela regi\u00e3o.<\/p>\n\n\n\n<iframe style=\"width:120px;height:240px;\" marginwidth=\"0\" marginheight=\"0\" scrolling=\"no\" frameborder=\"0\" src=\"\/\/ws-na.amazon-adsystem.com\/widgets\/q?ServiceVersion=20070822&amp;OneJS=1&amp;Operation=GetAdHtml&amp;MarketPlace=BR&amp;source=ss&amp;ref=as_ss_li_til&amp;ad_type=product_link&amp;tracking_id=entpol-20&amp;language=pt_BR&amp;marketplace=amazon&amp;region=BR&amp;placement=B08597DK9Z&amp;asins=B08597DK9Z&amp;linkId=22df5043c9e1db17046219a63eeabcdc&amp;show_border=true&amp;link_opens_in_new_window=true\"><\/iframe>\n<iframe style=\"width:120px;height:240px;\" marginwidth=\"0\" marginheight=\"0\" scrolling=\"no\" frameborder=\"0\" src=\"\/\/ws-na.amazon-adsystem.com\/widgets\/q?ServiceVersion=20070822&amp;OneJS=1&amp;Operation=GetAdHtml&amp;MarketPlace=BR&amp;source=ss&amp;ref=as_ss_li_til&amp;ad_type=product_link&amp;tracking_id=entpol-20&amp;language=pt_BR&amp;marketplace=amazon&amp;region=BR&amp;placement=8504009246&amp;asins=8504009246&amp;linkId=fb7ee1bd7f426d7dff77790a038bc6bb&amp;show_border=true&amp;link_opens_in_new_window=true\"><\/iframe>\n\n\n\n<h2 class=\"wp-block-heading\" id=\"a-serpente-de-bronze\">A Serpente de Bronze<\/h2>\n\n\n\n<p>A<strong> escultura moderna<\/strong>, localizada em frente ao memorial, foi realizada nos anos de 1983-84, pelo artista florentino Gian Paolo Fantoni. Na escultura, uma serpente est\u00e1 entrela\u00e7ada numa haste em forma de cruz.&nbsp; Ela remete \u00e0 <strong>serpente de bronze<\/strong> levantada por Mois\u00e9s no deserto durante o <strong>\u00eaxodo do Egito<\/strong> e a <strong>cruz de Jesus Cristo<\/strong>. Assim o artista, ligou o Antigo e&nbsp; Novo Testamento.&nbsp;<\/p>\n\n\n<div class=\"wp-block-image\">\n<figure class=\"aligncenter size-large is-resized\"><img loading=\"lazy\" decoding=\"async\" src=\"https:\/\/foradazonadeconforto.com\/entrepolos\/wp-content\/uploads\/2020\/09\/montenebo1-766x1024.jpg\" alt=\"\" class=\"wp-image-10040\" width=\"571\" height=\"763\" srcset=\"https:\/\/foradazonadeconforto.com\/entrepolos\/wp-content\/uploads\/2020\/09\/montenebo1-766x1024.jpg 766w, https:\/\/foradazonadeconforto.com\/entrepolos\/wp-content\/uploads\/2020\/09\/montenebo1-225x300.jpg 225w, https:\/\/foradazonadeconforto.com\/entrepolos\/wp-content\/uploads\/2020\/09\/montenebo1-768x1026.jpg 768w, https:\/\/foradazonadeconforto.com\/entrepolos\/wp-content\/uploads\/2020\/09\/montenebo1.jpg 898w\" sizes=\"auto, (max-width: 571px) 100vw, 571px\" \/><\/figure><\/div>\n\n\n<p>&nbsp;<\/p>\n\n\n\n<p>A escultura \u00e9 tamb\u00e9m \u00e9 chamada de <strong>Serpente de Neust\u00e3<\/strong>, onde neust\u00e3, significa \u201cde cobre\u201d em hebraico.<\/p>\n\n\n\n<p class=\"has-text-align-center\"><\/p>\n\n\n\n<p><\/p>\n\n\n\n<h2 class=\"wp-block-heading\" id=\"oliveira-plantada-pelo-papa\">Oliveira plantada pelo Papa<\/h2>\n\n\n\n<p>No ano 2000, o <strong>Papa Jo\u00e3o Paulo II <\/strong>visitou o Monte Nebo durante uma <strong>peregrina\u00e7\u00e3o \u00e0 Terra Santa<\/strong>. Naquela ocasi\u00e3o ele plantou uma oliveira que hoje j\u00e1 est\u00e1 crescida e preservada em um canteiro isolado. <\/p>\n\n\n<div class=\"wp-block-image\">\n<figure class=\"aligncenter size-large is-resized\"><img loading=\"lazy\" decoding=\"async\" src=\"https:\/\/foradazonadeconforto.com\/entrepolos\/wp-content\/uploads\/2020\/09\/montenebo2-766x1024.jpg\" alt=\"\" class=\"wp-image-10039\" width=\"573\" height=\"766\" srcset=\"https:\/\/foradazonadeconforto.com\/entrepolos\/wp-content\/uploads\/2020\/09\/montenebo2-766x1024.jpg 766w, https:\/\/foradazonadeconforto.com\/entrepolos\/wp-content\/uploads\/2020\/09\/montenebo2-225x300.jpg 225w, https:\/\/foradazonadeconforto.com\/entrepolos\/wp-content\/uploads\/2020\/09\/montenebo2-768x1026.jpg 768w, https:\/\/foradazonadeconforto.com\/entrepolos\/wp-content\/uploads\/2020\/09\/montenebo2.jpg 898w\" sizes=\"auto, (max-width: 573px) 100vw, 573px\" \/><\/figure><\/div>\n\n\n<p><\/p>\n\n\n\n<p>Foi uma experi\u00eancia muito gratificante conhecer o Monte Nebo, n\u00e3o somente pelo seu contexto hist\u00f3rico, mas tamb\u00e9m por encontrar um local muito agrad\u00e1vel e bem estruturado para receber turistas.<\/p>\n\n\n\n<p>Segundo o Frei Raffaele, respons\u00e1vel pelo complexo: \u201cMois\u00e9s conduziu o povo hebreu desde o Egito \u00e0 Terra Prometida e o Senhor falava com ele. Ainda hoje, Mois\u00e9s \u00e9 venerado pelos hebreus, mu\u00e7ulmanos e crist\u00e3os, e une a todos numa \u00fanica fam\u00edlia humana. Por isso, o <strong>Monte Nebo \u00e9 um centro de paz<\/strong>!\u201d<\/p>\n\n\n\n<p>Mais uma prova de que o Monte Nebo \u00e9 um lugar de paz, \u00e9 o fato de o governo da Jord\u00e2nia, que \u00e9 um pa\u00eds mu\u00e7ulmano,  ter escolhido aquele lugar administrado por uma institui\u00e7\u00e3o crist\u00e3 para uma importante reuni\u00e3o. Recentemente o rei Abdallah II se reuniu com as lideran\u00e7as do setor de turismo para discutir a retomada das atividades ap\u00f3s a pandemia. <\/p>\n\n\n\n<p>Para saber mais sobre o Monte Nebo visite o <a href=\"http:\/\/www.montenebo.org\/\" target=\"_blank\" rel=\"noreferrer noopener nofollow\">site oficial<\/a>.<\/p>\n\n\n\n<div data-gyg-href=\"https:\/\/widget.getyourguide.com\/default\/activites.frame\" data-gyg-locale-code=\"pt-BR\" data-gyg-widget=\"activities\" data-gyg-number-of-items=\"3\" data-gyg-partner-id=\"FLESASP\" data-gyg-q=\"ama\"><\/div>\n\n\n\n<p>Este post faz parte do projeto coletivo 8on8, este m\u00eas com o tema &#8220;Mirantes&#8221;.  Escolhi o Monte Nebo por acreditar que ele deve ter sido um dos primeiros mirantes registrados na hist\u00f3ria. Foi uma pena haver muita n\u00e9voa no dia em que visitei, mas dizem que em dias mais claros a vista \u00e9 realmente magn\u00edfica.<\/p>\n\n\n\n<p>Se voc\u00ea gostou do tema deste m\u00ea, d\u00e1 uma olhada nos mirantes que minhas colegas escolheram: a Luciana do Let&#8217;s Fly Away &#8211; <a rel=\"noreferrer noopener\" href=\"https:\/\/letsflyaway.com.br\/?p=18981\" target=\"_blank\">Lugares para ver Paris do alto e se encantar!<\/a>, a Gisele do Destinos por onde andei\u2026 &#8211; <a rel=\"noreferrer noopener\" href=\"https:\/\/www.destinosporondeandei.com.br\/?p=18675\" target=\"_blank\">Mirantes imperd\u00edveis para conhecer e amar!<\/a>, a Denise do Chicas Lokas na Estrada &#8211; <a rel=\"noreferrer noopener\" href=\"https:\/\/chicaslokas.com.br\/2020\/09\/08\/mirantes-regiao-dos-lagos\/\" target=\"_blank\">Mirantes na Regi\u00e3o dos Lagos<\/a>, a Cec\u00edlia do Viajante Econ\u00f4mica &#8211; <a rel=\"noreferrer noopener\" href=\"https:\/\/viajanteeconomica.com.br\/?p=3876\" target=\"_blank\">Mirantes para visitar na Baixada Santista<\/a>, a M\u00e1rcia do Mulher Casada Viaja &#8211; <a rel=\"noreferrer noopener\" href=\"https:\/\/mulhercasadaviaja.com\/?p=18077\" target=\"_blank\">Harder Kulm, o mirante de Interlaken na Su\u00ed\u00e7a<\/a> e a Analuiza do Espiando pelo Mundo &#8211; <a href=\"http:\/\/espiandopelomundo.com.br\/?p=18240&amp;preview=true\" target=\"_blank\" rel=\"noreferrer noopener\">Os magn\u00edficos contornos de Chicago<\/a>.<\/p>\n\n\n\n<p>Salve a foto abaixo em seu <strong>Pinterest<\/strong>, assim poder\u00e1 facilmente encontrar este post em outra oportunidade.<\/p>\n\n\n<div class=\"wp-block-image\">\n<figure class=\"aligncenter size-large is-resized\"><img loading=\"lazy\" decoding=\"async\" src=\"https:\/\/foradazonadeconforto.com\/entrepolos\/wp-content\/uploads\/2020\/09\/Monte-Nebo-Jordania-1-683x1024.jpg\" alt=\"\" class=\"wp-image-10046\" width=\"422\" height=\"633\" srcset=\"https:\/\/foradazonadeconforto.com\/entrepolos\/wp-content\/uploads\/2020\/09\/Monte-Nebo-Jordania-1-683x1024.jpg 683w, https:\/\/foradazonadeconforto.com\/entrepolos\/wp-content\/uploads\/2020\/09\/Monte-Nebo-Jordania-1-200x300.jpg 200w, https:\/\/foradazonadeconforto.com\/entrepolos\/wp-content\/uploads\/2020\/09\/Monte-Nebo-Jordania-1-768x1152.jpg 768w, https:\/\/foradazonadeconforto.com\/entrepolos\/wp-content\/uploads\/2020\/09\/Monte-Nebo-Jordania-1.jpg 1000w\" sizes=\"auto, (max-width: 422px) 100vw, 422px\" \/><\/figure><\/div>\n\n\n<p><\/p>\n\n\n\n<div class=\"wp-block-group\"><div class=\"wp-block-group__inner-container is-layout-flow wp-block-group-is-layout-flow\">\n<p><strong>Se voc\u00ea gosta do conte\u00fado que encontra aqui, por favor, nos ajude a mant\u00ea-lo. Para isso, basta usar os nossos links na hora de fazer suas reservas para viajar.  Assim recebemos uma pequena comiss\u00e3o e voc\u00ea n\u00e3o paga nada a mais por isso.  <\/strong><\/p>\n\n\n\n<ul class=\"wp-block-list\"><li><strong>Reserve seu hotel no <a href=\"https:\/\/www.booking.com\/index.html?aid=894710\" target=\"_blank\" rel=\"noreferrer noopener nofollow\">Booking.com<\/a><\/strong><\/li><li><strong>Fa\u00e7a cota\u00e7\u00e3o para seu <a href=\"https:\/\/www.seguroviagem.srv.br\/?agency=542\" target=\"_blank\" rel=\"noreferrer noopener nofollow\">Seguro de Viagem<\/a><\/strong><\/li><li><strong>Compre passeios na <a href=\"https:\/\/www.getyourguide.com.br\/?utm_force=0&amp;partner_id=IDZA681&amp;utm_medium=online_publisher&amp;placement=other\" target=\"_blank\" rel=\"noreferrer noopener nofollow\">GetYourGuide<\/a> <\/strong><\/li><li><strong>Compre ingressos fura-fila na <a href=\"https:\/\/www.tiqets.com\/pt?partner=+foradazonadeconforto+\" target=\"_blank\" rel=\"noreferrer noopener nofollow\">Tiqets<\/a><\/strong><\/li><li><strong>Alugue um carro na <a href=\"https:\/\/www.rentcars.com\/?requestorid=371\" target=\"_blank\" rel=\"noreferrer noopener nofollow\">RentCars<\/a><\/strong><\/li><li><strong>Encontre sua passagem a\u00e9rea na <a href=\"https:\/\/www.passagenspromo.com.br\/?utm_medium=afiliado&amp;pcrid=2102&amp;utm_source=site-blog\" target=\"_blank\" rel=\"noreferrer noopener nofollow\">Passagens Promo<\/a><\/strong><\/li><li><strong>Compre um chip internacional da <a href=\"https:\/\/www.easysim4u.com\/?utm_source=entrepolos&amp;utm_campaign=campanha_entrepolos&amp;\" target=\"_blank\" rel=\"noreferrer noopener nofollow\">EasySim4U<\/a>  <\/strong><\/li><\/ul>\n\n\n\n<p><span style=\"border-top-left-radius: 2px; border-top-right-radius: 2px; border-bottom-right-radius: 2px; border-bottom-left-radius: 2px; text-indent: 20px; width: auto; padding: 0px 4px 0px 0px; text-align: center; font-style: normal; font-variant-caps: normal; font-weight: bold; font-stretch: normal; font-size: 11px; line-height: 20px; font-family: 'Helvetica Neue', Helvetica, sans-serif; color: #ffffff; background-image: url(data:image\/svg+xml; base64,phn2zyb4bwxucz0iahr0cdovl3d3dy53my5vcmcvmjawmc9zdmciighlawdodd0imzbwecigd2lkdgg9ijmwchgiihzpzxdcb3g9ii0xic0xidmxidmxij48zz48cgf0acbkpsjnmjkundq5lde0ljy2mibdmjkundq5ldiyljcymiaymi44njgsmjkumju2ide0ljc1ldi5lji1nibdni42mzismjkumju2idaumduxldiyljcymiawlja1mswxnc42njigqzaumduxldyunjaxidyunjmyldaumdy3ide0ljc1ldaumdy3iemymi44njgsmc4wnjcgmjkundq5ldyunjaxidi5ljq0oswxnc42njiiigzpbgw9iinmzmyiihn0cm9rzt0ii2zmziigc3ryb2tllxdpzhropsixij48l3bhdgg+phbhdgggzd0itte0ljczmywxljy4nibdny41mtysms42odygms42njusny40otugms42njusmtqunjyyiemxljy2nswymc4xntkgns4xmdksmjquodu0idkuotcsmjyunzq0iem5ljg1niwyns43mtggos43ntmsmjqumtqzidewljaxniwymy4wmjigqzewlji1mywymi4wmsaxms41ndgsmtyuntcyidexlju0ocwxni41nzigqzexlju0ocwxni41nzigmteumtu3lde1ljc5nsaxms4xntcsmtqunjq2iemxms4xntcsmtiuodqyideyljixmswxms40otugmtmuntiyldexljq5nsbdmtqunjm3ldexljq5nsaxns4xnzusmtiumzi2ide1lje3nswxmy4zmjmgqze1lje3nswxnc40mzygmtqundyylde2ljegmtqumdkzlde3ljy0mybdmtmunzg1lde4ljkznsaxnc43ndusmtkuotg4ide2ljayocwxos45odggqze4ljm1mswxos45odggmjaumtm2lde3lju1niaymc4xmzysmtqumdq2iemymc4xmzysmtauotm5ide3ljg4ocw4ljc2nyaxnc42nzgsoc43njcgqzewljk1osw4ljc2nya4ljc3nywxms41mzygoc43nzcsmtqumzk4iem4ljc3nywxns41mtmgos4ymswxni43mdkgos43ndksmtcumzu5iem5ljg1niwxny40odggos44nzismtcunia5ljg0lde3ljczmsbdos43ndesmtgumtqxidkuntismtkumdizidkundc3lde5ljiwmybdos40miwxos40nca5lji4ocwxos40otegos4wncwxos4znzygqzcunda4lde4ljyymia2ljm4nywxni4yntigni4zodcsmtqumzq5iem2ljm4nywxmc4yntygos4zodmsni40otcgmtuumdiyldyundk3iemxos41ntusni40otcgmjmumdc4ldkunza1idizlja3ocwxmy45otegqzizlja3ocwxoc40njmgmjaumjm5ldiylja2miaxni4yotcsmjiumdyyiemxnc45nzmsmjiumdyyidezljcyocwyms4znzkgmtmumzayldiwlju3mibdmtmumzayldiwlju3miaxmi42ndcsmjmumdugmtiundg4ldizljy1nybdmtiumtkzldi0ljc4ncaxms4zotysmjyumtk2idewljg2mywyny4wntggqzeylja4niwyny40mzqgmtmumzg2ldi3ljyznyaxnc43mzmsmjcunjm3iemyms45nswyny42mzcgmjcuodaxldixljgyocayny44mdesmtqunjyyiemyny44mdesny40otugmjeuotusms42odygmtqunzmzldeunjg2iibmawxspsijymqwodfjij48l3bhdgg+pc9npjwvc3znpg==); background-size: 14px 14px; background-color: #bd081c; position: absolute; opacity: 1; z-index: 8675309; display: none; cursor: pointer; border: none; -webkit-font-smoothing: antialiased; top: 424px; left: 82px; background-position: 3px 50%; background-repeat: no-repeat no-repeat;\">Save<\/span><span style=\"border-top-left-radius: 2px; border-top-right-radius: 2px; border-bottom-right-radius: 2px; border-bottom-left-radius: 2px; text-indent: 20px; width: auto; padding: 0px 4px 0px 0px; text-align: center; font-style: normal; font-variant-caps: normal; font-weight: bold; font-stretch: normal; font-size: 11px; line-height: 20px; font-family: 'Helvetica Neue', Helvetica, sans-serif; color: #ffffff; background-image: url(data:image\/svg+xml; base64,phn2zyb4bwxucz0iahr0cdovl3d3dy53my5vcmcvmjawmc9zdmciighlawdodd0imzbwecigd2lkdgg9ijmwchgiihzpzxdcb3g9ii0xic0xidmxidmxij48zz48cgf0acbkpsjnmjkundq5lde0ljy2mibdmjkundq5ldiyljcymiaymi44njgsmjkumju2ide0ljc1ldi5lji1nibdni42mzismjkumju2idaumduxldiyljcymiawlja1mswxnc42njigqzaumduxldyunjaxidyunjmyldaumdy3ide0ljc1ldaumdy3iemymi44njgsmc4wnjcgmjkundq5ldyunjaxidi5ljq0oswxnc42njiiigzpbgw9iinmzmyiihn0cm9rzt0ii2zmziigc3ryb2tllxdpzhropsixij48l3bhdgg+phbhdgggzd0itte0ljczmywxljy4nibdny41mtysms42odygms42njusny40otugms42njusmtqunjyyiemxljy2nswymc4xntkgns4xmdksmjquodu0idkuotcsmjyunzq0iem5ljg1niwyns43mtggos43ntmsmjqumtqzidewljaxniwymy4wmjigqzewlji1mywymi4wmsaxms41ndgsmtyuntcyidexlju0ocwxni41nzigqzexlju0ocwxni41nzigmteumtu3lde1ljc5nsaxms4xntcsmtqunjq2iemxms4xntcsmtiuodqyideyljixmswxms40otugmtmuntiyldexljq5nsbdmtqunjm3ldexljq5nsaxns4xnzusmtiumzi2ide1lje3nswxmy4zmjmgqze1lje3nswxnc40mzygmtqundyylde2ljegmtqumdkzlde3ljy0mybdmtmunzg1lde4ljkznsaxnc43ndusmtkuotg4ide2ljayocwxos45odggqze4ljm1mswxos45odggmjaumtm2lde3lju1niaymc4xmzysmtqumdq2iemymc4xmzysmtauotm5ide3ljg4ocw4ljc2nyaxnc42nzgsoc43njcgqzewljk1osw4ljc2nya4ljc3nywxms41mzygoc43nzcsmtqumzk4iem4ljc3nywxns41mtmgos4ymswxni43mdkgos43ndksmtcumzu5iem5ljg1niwxny40odggos44nzismtcunia5ljg0lde3ljczmsbdos43ndesmtgumtqxidkuntismtkumdizidkundc3lde5ljiwmybdos40miwxos40nca5lji4ocwxos40otegos4wncwxos4znzygqzcunda4lde4ljyymia2ljm4nywxni4yntigni4zodcsmtqumzq5iem2ljm4nywxmc4yntygos4zodmsni40otcgmtuumdiyldyundk3iemxos41ntusni40otcgmjmumdc4ldkunza1idizlja3ocwxmy45otegqzizlja3ocwxoc40njmgmjaumjm5ldiylja2miaxni4yotcsmjiumdyyiemxnc45nzmsmjiumdyyidezljcyocwyms4znzkgmtmumzayldiwlju3mibdmtmumzayldiwlju3miaxmi42ndcsmjmumdugmtiundg4ldizljy1nybdmtiumtkzldi0ljc4ncaxms4zotysmjyumtk2idewljg2mywyny4wntggqzeylja4niwyny40mzqgmtmumzg2ldi3ljyznyaxnc43mzmsmjcunjm3iemyms45nswyny42mzcgmjcuodaxldixljgyocayny44mdesmtqunjyyiemyny44mdesny40otugmjeuotusms42odygmtqunzmzldeunjg2iibmawxspsijymqwodfjij48l3bhdgg+pc9npjwvc3znpg==); background-size: 14px 14px; background-color: #bd081c; position: absolute; opacity: 1; z-index: 8675309; display: none; cursor: pointer; border: none; -webkit-font-smoothing: antialiased; top: 424px; left: 82px; background-position: 3px 50%; background-repeat: no-repeat no-repeat;\">Save<\/span><\/p>\n\n<!--themify_builder_content-->\n<div id=\"themify_builder_content-10034\" data-postid=\"10034\" class=\"themify_builder_content themify_builder_content-10034 themify_builder tf_clear\">\n    <\/div>\n<!--\/themify_builder_content--><\/div><\/div>\n\n<!--themify_builder_content-->\n<div id=\"themify_builder_content-10034\" data-postid=\"10034\" class=\"themify_builder_content themify_builder_content-10034 themify_builder tf_clear\">\n    <\/div>\n<!--\/themify_builder_content-->","protected":false},"excerpt":{"rendered":"<p>O Monte Nebo \u00e9 mencionado na B\u00edblia como sendo o local de onde Mois\u00e9s avistou a Terra Prometida depois de ter liderado os israelitas em sua fuga do Egito. Acredita-se que Mois\u00e9s morreu e foi enterrado naquela regi\u00e3o, mas nenhum vest\u00edgio jamais foi encontrado.&nbsp;&nbsp; Atualmente, as instala\u00e7\u00f5es no alto do Monte Nebo (700 m) incluem [&hellip;]<\/p>\n","protected":false},"author":0,"featured_media":10035,"comment_status":"open","ping_status":"open","sticky":false,"template":"","format":"standard","meta":{"om_disable_all_campaigns":false,"_lmt_disableupdate":"","_lmt_disable":"","_monsterinsights_skip_tracking":false,"_monsterinsights_sitenote_active":false,"_monsterinsights_sitenote_note":"","_monsterinsights_sitenote_category":0,"footnotes":""},"categories":[145,347],"tags":[362,308,361,251],"class_list":["post-10034","post","type-post","status-publish","format-standard","has-post-thumbnail","hentry","category-asia","category-jordania","tag-8on8","tag-destino-rbbv","tag-mirante","tag-santuario","has-post-title","has-post-date","has-post-category","has-post-tag","has-post-comment","has-post-author",""],"yoast_head":"<!-- This site is optimized with the Yoast SEO plugin v27.4 - https:\/\/yoast.com\/product\/yoast-seo-wordpress\/ -->\n<title>Tudo Sobre Monte Nebo, o Mirante para a Terra Prometida - Entre Polos<\/title>\n<meta name=\"description\" content=\"O monte \u00e9 mencionado na B\u00edblia como onde Mois\u00e9s avistou a Terra Prometida. Conhe\u00e7a o mirante, sua hist\u00f3ria e o que encontrar\u00e1 por l\u00e1 quando o visitar!\" \/>\n<meta name=\"robots\" content=\"index, follow, max-snippet:-1, max-image-preview:large, max-video-preview:-1\" \/>\n<link rel=\"canonical\" href=\"https:\/\/foradazonadeconforto.com\/entrepolos\/monte-nebo-o-mirante-para-a-terra-prometida\/\" \/>\n<meta property=\"og:locale\" content=\"pt_BR\" \/>\n<meta property=\"og:type\" content=\"article\" \/>\n<meta property=\"og:title\" content=\"Memorial de Mois\u00e9s - Terra Santa\" \/>\n<meta property=\"og:description\" content=\"Local de culto e exibi\u00e7\u00e3o de achados arqueol\u00f3gicos\" \/>\n<meta property=\"og:url\" content=\"https:\/\/foradazonadeconforto.com\/entrepolos\/monte-nebo-o-mirante-para-a-terra-prometida\/\" \/>\n<meta property=\"og:site_name\" content=\"Entre Polos\" \/>\n<meta property=\"article:publisher\" content=\"https:\/\/www.facebook.com\/blogentrepolos\/\" \/>\n<meta property=\"article:published_time\" content=\"2020-09-08T19:00:39+00:00\" \/>\n<meta property=\"article:modified_time\" content=\"2023-10-04T18:35:30+00:00\" \/>\n<meta property=\"og:image\" content=\"https:\/\/foradazonadeconforto.com\/entrepolos\/wp-content\/uploads\/2020\/09\/montenebo3.jpg\" \/>\n\t<meta property=\"og:image:width\" content=\"1069\" \/>\n\t<meta property=\"og:image:height\" content=\"800\" \/>\n\t<meta property=\"og:image:type\" content=\"image\/jpeg\" \/>\n<meta name=\"twitter:card\" content=\"summary_large_image\" \/>\n<meta name=\"twitter:creator\" content=\"@BlogEntrePolos\" \/>\n<meta name=\"twitter:site\" content=\"@BlogEntrePolos\" \/>\n<meta name=\"twitter:label1\" content=\"Est. tempo de leitura\" \/>\n\t<meta name=\"twitter:data1\" content=\"9 minutos\" \/>\n<script type=\"application\/ld+json\" class=\"yoast-schema-graph\">{\"@context\":\"https:\\\/\\\/schema.org\",\"@graph\":[{\"@type\":\"Article\",\"@id\":\"https:\\\/\\\/foradazonadeconforto.com\\\/entrepolos\\\/monte-nebo-o-mirante-para-a-terra-prometida\\\/#article\",\"isPartOf\":{\"@id\":\"https:\\\/\\\/foradazonadeconforto.com\\\/entrepolos\\\/monte-nebo-o-mirante-para-a-terra-prometida\\\/\"},\"author\":{\"name\":\"\",\"@id\":\"\"},\"headline\":\"Tudo Sobre Monte Nebo, o Mirante para a Terra Prometida\",\"datePublished\":\"2020-09-08T19:00:39+00:00\",\"dateModified\":\"2023-10-04T18:35:30+00:00\",\"mainEntityOfPage\":{\"@id\":\"https:\\\/\\\/foradazonadeconforto.com\\\/entrepolos\\\/monte-nebo-o-mirante-para-a-terra-prometida\\\/\"},\"wordCount\":1293,\"commentCount\":0,\"image\":{\"@id\":\"https:\\\/\\\/foradazonadeconforto.com\\\/entrepolos\\\/monte-nebo-o-mirante-para-a-terra-prometida\\\/#primaryimage\"},\"thumbnailUrl\":\"https:\\\/\\\/foradazonadeconforto.com\\\/entrepolos\\\/wp-content\\\/uploads\\\/2020\\\/09\\\/20190918_104157-Copy.jpg\",\"keywords\":[\"8on8\",\"destino rbbv\",\"mirante\",\"Santu\u00e1rio\"],\"articleSection\":[\"\u00c1sia\",\"Jord\u00e2nia\"],\"inLanguage\":\"pt-BR\",\"potentialAction\":[{\"@type\":\"CommentAction\",\"name\":\"Comment\",\"target\":[\"https:\\\/\\\/foradazonadeconforto.com\\\/entrepolos\\\/monte-nebo-o-mirante-para-a-terra-prometida\\\/#respond\"]}]},{\"@type\":\"WebPage\",\"@id\":\"https:\\\/\\\/foradazonadeconforto.com\\\/entrepolos\\\/monte-nebo-o-mirante-para-a-terra-prometida\\\/\",\"url\":\"https:\\\/\\\/foradazonadeconforto.com\\\/entrepolos\\\/monte-nebo-o-mirante-para-a-terra-prometida\\\/\",\"name\":\"Tudo Sobre Monte Nebo, o Mirante para a Terra Prometida - Entre Polos\",\"isPartOf\":{\"@id\":\"https:\\\/\\\/foradazonadeconforto.com\\\/entrepolos\\\/#website\"},\"primaryImageOfPage\":{\"@id\":\"https:\\\/\\\/foradazonadeconforto.com\\\/entrepolos\\\/monte-nebo-o-mirante-para-a-terra-prometida\\\/#primaryimage\"},\"image\":{\"@id\":\"https:\\\/\\\/foradazonadeconforto.com\\\/entrepolos\\\/monte-nebo-o-mirante-para-a-terra-prometida\\\/#primaryimage\"},\"thumbnailUrl\":\"https:\\\/\\\/foradazonadeconforto.com\\\/entrepolos\\\/wp-content\\\/uploads\\\/2020\\\/09\\\/20190918_104157-Copy.jpg\",\"datePublished\":\"2020-09-08T19:00:39+00:00\",\"dateModified\":\"2023-10-04T18:35:30+00:00\",\"author\":{\"@id\":\"\"},\"description\":\"O monte \u00e9 mencionado na B\u00edblia como onde Mois\u00e9s avistou a Terra Prometida. Conhe\u00e7a o mirante, sua hist\u00f3ria e o que encontrar\u00e1 por l\u00e1 quando o visitar!\",\"breadcrumb\":{\"@id\":\"https:\\\/\\\/foradazonadeconforto.com\\\/entrepolos\\\/monte-nebo-o-mirante-para-a-terra-prometida\\\/#breadcrumb\"},\"inLanguage\":\"pt-BR\",\"potentialAction\":[{\"@type\":\"ReadAction\",\"target\":[\"https:\\\/\\\/foradazonadeconforto.com\\\/entrepolos\\\/monte-nebo-o-mirante-para-a-terra-prometida\\\/\"]}]},{\"@type\":\"ImageObject\",\"inLanguage\":\"pt-BR\",\"@id\":\"https:\\\/\\\/foradazonadeconforto.com\\\/entrepolos\\\/monte-nebo-o-mirante-para-a-terra-prometida\\\/#primaryimage\",\"url\":\"https:\\\/\\\/foradazonadeconforto.com\\\/entrepolos\\\/wp-content\\\/uploads\\\/2020\\\/09\\\/20190918_104157-Copy.jpg\",\"contentUrl\":\"https:\\\/\\\/foradazonadeconforto.com\\\/entrepolos\\\/wp-content\\\/uploads\\\/2020\\\/09\\\/20190918_104157-Copy.jpg\",\"width\":1069,\"height\":800,\"caption\":\"Serpente de Cobre no Monte Nebo\"},{\"@type\":\"BreadcrumbList\",\"@id\":\"https:\\\/\\\/foradazonadeconforto.com\\\/entrepolos\\\/monte-nebo-o-mirante-para-a-terra-prometida\\\/#breadcrumb\",\"itemListElement\":[{\"@type\":\"ListItem\",\"position\":1,\"name\":\"In\u00edcio\",\"item\":\"https:\\\/\\\/foradazonadeconforto.com\\\/entrepolos\\\/\"},{\"@type\":\"ListItem\",\"position\":2,\"name\":\"Tudo Sobre Monte Nebo, o Mirante para a Terra Prometida\"}]},{\"@type\":\"WebSite\",\"@id\":\"https:\\\/\\\/foradazonadeconforto.com\\\/entrepolos\\\/#website\",\"url\":\"https:\\\/\\\/foradazonadeconforto.com\\\/entrepolos\\\/\",\"name\":\"Entre Polos\",\"description\":\"Inspire-se para viajar mais.\",\"potentialAction\":[{\"@type\":\"SearchAction\",\"target\":{\"@type\":\"EntryPoint\",\"urlTemplate\":\"https:\\\/\\\/foradazonadeconforto.com\\\/entrepolos\\\/?s={search_term_string}\"},\"query-input\":{\"@type\":\"PropertyValueSpecification\",\"valueRequired\":true,\"valueName\":\"search_term_string\"}}],\"inLanguage\":\"pt-BR\"}]}<\/script>\n<!-- \/ Yoast SEO plugin. -->","yoast_head_json":{"title":"Tudo Sobre Monte Nebo, o Mirante para a Terra Prometida - Entre Polos","description":"O monte \u00e9 mencionado na B\u00edblia como onde Mois\u00e9s avistou a Terra Prometida. Conhe\u00e7a o mirante, sua hist\u00f3ria e o que encontrar\u00e1 por l\u00e1 quando o visitar!","robots":{"index":"index","follow":"follow","max-snippet":"max-snippet:-1","max-image-preview":"max-image-preview:large","max-video-preview":"max-video-preview:-1"},"canonical":"https:\/\/foradazonadeconforto.com\/entrepolos\/monte-nebo-o-mirante-para-a-terra-prometida\/","og_locale":"pt_BR","og_type":"article","og_title":"Memorial de Mois\u00e9s - Terra Santa","og_description":"Local de culto e exibi\u00e7\u00e3o de achados arqueol\u00f3gicos","og_url":"https:\/\/foradazonadeconforto.com\/entrepolos\/monte-nebo-o-mirante-para-a-terra-prometida\/","og_site_name":"Entre Polos","article_publisher":"https:\/\/www.facebook.com\/blogentrepolos\/","article_published_time":"2020-09-08T19:00:39+00:00","article_modified_time":"2023-10-04T18:35:30+00:00","og_image":[{"width":1069,"height":800,"url":"https:\/\/foradazonadeconforto.com\/entrepolos\/wp-content\/uploads\/2020\/09\/montenebo3.jpg","type":"image\/jpeg"}],"twitter_card":"summary_large_image","twitter_creator":"@BlogEntrePolos","twitter_site":"@BlogEntrePolos","twitter_misc":{"Est. tempo de leitura":"9 minutos"},"schema":{"@context":"https:\/\/schema.org","@graph":[{"@type":"Article","@id":"https:\/\/foradazonadeconforto.com\/entrepolos\/monte-nebo-o-mirante-para-a-terra-prometida\/#article","isPartOf":{"@id":"https:\/\/foradazonadeconforto.com\/entrepolos\/monte-nebo-o-mirante-para-a-terra-prometida\/"},"author":{"name":"","@id":""},"headline":"Tudo Sobre Monte Nebo, o Mirante para a Terra Prometida","datePublished":"2020-09-08T19:00:39+00:00","dateModified":"2023-10-04T18:35:30+00:00","mainEntityOfPage":{"@id":"https:\/\/foradazonadeconforto.com\/entrepolos\/monte-nebo-o-mirante-para-a-terra-prometida\/"},"wordCount":1293,"commentCount":0,"image":{"@id":"https:\/\/foradazonadeconforto.com\/entrepolos\/monte-nebo-o-mirante-para-a-terra-prometida\/#primaryimage"},"thumbnailUrl":"https:\/\/foradazonadeconforto.com\/entrepolos\/wp-content\/uploads\/2020\/09\/20190918_104157-Copy.jpg","keywords":["8on8","destino rbbv","mirante","Santu\u00e1rio"],"articleSection":["\u00c1sia","Jord\u00e2nia"],"inLanguage":"pt-BR","potentialAction":[{"@type":"CommentAction","name":"Comment","target":["https:\/\/foradazonadeconforto.com\/entrepolos\/monte-nebo-o-mirante-para-a-terra-prometida\/#respond"]}]},{"@type":"WebPage","@id":"https:\/\/foradazonadeconforto.com\/entrepolos\/monte-nebo-o-mirante-para-a-terra-prometida\/","url":"https:\/\/foradazonadeconforto.com\/entrepolos\/monte-nebo-o-mirante-para-a-terra-prometida\/","name":"Tudo Sobre Monte Nebo, o Mirante para a Terra Prometida - Entre Polos","isPartOf":{"@id":"https:\/\/foradazonadeconforto.com\/entrepolos\/#website"},"primaryImageOfPage":{"@id":"https:\/\/foradazonadeconforto.com\/entrepolos\/monte-nebo-o-mirante-para-a-terra-prometida\/#primaryimage"},"image":{"@id":"https:\/\/foradazonadeconforto.com\/entrepolos\/monte-nebo-o-mirante-para-a-terra-prometida\/#primaryimage"},"thumbnailUrl":"https:\/\/foradazonadeconforto.com\/entrepolos\/wp-content\/uploads\/2020\/09\/20190918_104157-Copy.jpg","datePublished":"2020-09-08T19:00:39+00:00","dateModified":"2023-10-04T18:35:30+00:00","author":{"@id":""},"description":"O monte \u00e9 mencionado na B\u00edblia como onde Mois\u00e9s avistou a Terra Prometida. Conhe\u00e7a o mirante, sua hist\u00f3ria e o que encontrar\u00e1 por l\u00e1 quando o visitar!","breadcrumb":{"@id":"https:\/\/foradazonadeconforto.com\/entrepolos\/monte-nebo-o-mirante-para-a-terra-prometida\/#breadcrumb"},"inLanguage":"pt-BR","potentialAction":[{"@type":"ReadAction","target":["https:\/\/foradazonadeconforto.com\/entrepolos\/monte-nebo-o-mirante-para-a-terra-prometida\/"]}]},{"@type":"ImageObject","inLanguage":"pt-BR","@id":"https:\/\/foradazonadeconforto.com\/entrepolos\/monte-nebo-o-mirante-para-a-terra-prometida\/#primaryimage","url":"https:\/\/foradazonadeconforto.com\/entrepolos\/wp-content\/uploads\/2020\/09\/20190918_104157-Copy.jpg","contentUrl":"https:\/\/foradazonadeconforto.com\/entrepolos\/wp-content\/uploads\/2020\/09\/20190918_104157-Copy.jpg","width":1069,"height":800,"caption":"Serpente de Cobre no Monte Nebo"},{"@type":"BreadcrumbList","@id":"https:\/\/foradazonadeconforto.com\/entrepolos\/monte-nebo-o-mirante-para-a-terra-prometida\/#breadcrumb","itemListElement":[{"@type":"ListItem","position":1,"name":"In\u00edcio","item":"https:\/\/foradazonadeconforto.com\/entrepolos\/"},{"@type":"ListItem","position":2,"name":"Tudo Sobre Monte Nebo, o Mirante para a Terra Prometida"}]},{"@type":"WebSite","@id":"https:\/\/foradazonadeconforto.com\/entrepolos\/#website","url":"https:\/\/foradazonadeconforto.com\/entrepolos\/","name":"Entre Polos","description":"Inspire-se para viajar mais.","potentialAction":[{"@type":"SearchAction","target":{"@type":"EntryPoint","urlTemplate":"https:\/\/foradazonadeconforto.com\/entrepolos\/?s={search_term_string}"},"query-input":{"@type":"PropertyValueSpecification","valueRequired":true,"valueName":"search_term_string"}}],"inLanguage":"pt-BR"}]}},"modified_by":"Rodrigo Souza","amp_enabled":true,"builder_content":"","_links":{"self":[{"href":"https:\/\/foradazonadeconforto.com\/entrepolos\/wp-json\/wp\/v2\/posts\/10034","targetHints":{"allow":["GET"]}}],"collection":[{"href":"https:\/\/foradazonadeconforto.com\/entrepolos\/wp-json\/wp\/v2\/posts"}],"about":[{"href":"https:\/\/foradazonadeconforto.com\/entrepolos\/wp-json\/wp\/v2\/types\/post"}],"replies":[{"embeddable":true,"href":"https:\/\/foradazonadeconforto.com\/entrepolos\/wp-json\/wp\/v2\/comments?post=10034"}],"version-history":[{"count":9,"href":"https:\/\/foradazonadeconforto.com\/entrepolos\/wp-json\/wp\/v2\/posts\/10034\/revisions"}],"predecessor-version":[{"id":12968,"href":"https:\/\/foradazonadeconforto.com\/entrepolos\/wp-json\/wp\/v2\/posts\/10034\/revisions\/12968"}],"wp:featuredmedia":[{"embeddable":true,"href":"https:\/\/foradazonadeconforto.com\/entrepolos\/wp-json\/wp\/v2\/media\/10035"}],"wp:attachment":[{"href":"https:\/\/foradazonadeconforto.com\/entrepolos\/wp-json\/wp\/v2\/media?parent=10034"}],"wp:term":[{"taxonomy":"category","embeddable":true,"href":"https:\/\/foradazonadeconforto.com\/entrepolos\/wp-json\/wp\/v2\/categories?post=10034"},{"taxonomy":"post_tag","embeddable":true,"href":"https:\/\/foradazonadeconforto.com\/entrepolos\/wp-json\/wp\/v2\/tags?post=10034"}],"curies":[{"name":"wp","href":"https:\/\/api.w.org\/{rel}","templated":true}]}}