{"id":10710,"date":"2021-03-19T08:00:00","date_gmt":"2021-03-19T10:00:00","guid":{"rendered":"https:\/\/entrepolos.com.br\/?p=10710"},"modified":"2023-02-07T17:09:39","modified_gmt":"2023-02-07T20:09:39","slug":"igreja-de-sao-jose-em-nazare","status":"publish","type":"post","link":"https:\/\/foradazonadeconforto.com\/entrepolos\/igreja-de-sao-jose-em-nazare\/","title":{"rendered":"12 Lindas Fotos da Igreja de S\u00e3o Jos\u00e9 em Nazar\u00e9"},"content":{"rendered":"<p class=\"has-text-align-center\"> <div class='code-block code-block-1' style='margin: 8px auto; text-align: center; display: block; clear: both;'>\n<script async src=\"\/\/pagead2.googlesyndication.com\/pagead\/js\/adsbygoogle.js\"><\/script>\n<!-- Big over the map -->\n<ins class=\"adsbygoogle\"\n     style=\"display:inline-block;width:728px;height:90px\"\n     data-ad-client=\"ca-pub-1901420619701950\"\n     data-ad-slot=\"6136327854\"><\/ins>\n<script>\n(adsbygoogle = window.adsbygoogle || []).push({});\n<\/script><\/div>\n<\/p>\n\n\n\n<p>A Igreja de S\u00e3o Jos\u00e9 em Nazar\u00e9, foi constru\u00edda sobre o local onde se acredita ter sido a carpintaria da Fam\u00edlia Sagrada. Por ter sido o local onde Jesus viveu em sua inf\u00e2ncia \u00e9 considerado um dos pontos mais sagrados da Terra Santa.<\/p>\n\n\n\n<p>Como no tempo de Jesus, Nazar\u00e9 era um pequeno vilarejo, os locais identificados como a <strong>carpintaria de Jos\u00e9<\/strong> e a <strong>casa onde Maria morava<\/strong> eram bem pr\u00f3ximos.&nbsp;<\/p>\n\n\n\n<p>Atualmente esses locais fazem parte de um mesmo complexo composto pela <strong>Bas\u00edlica da Anuncia\u00e7\u00e3o<\/strong>, a <strong>Igreja de S\u00e3o Jos\u00e9<\/strong> e entre as duas igrejas, o <strong>Convento Franciscano Terra Santa<\/strong>.<\/p>\n\n\n\n<p><a href=\"https:\/\/foradazonadeconforto.com\/entrepolos\/basilica-da-anunciacao-em-nazare\/\" target=\"_blank\" rel=\"noreferrer noopener\">Clique aqui para ler o post sobre a Bas\u00edlica da Anuncia\u00e7\u00e2o<\/a><\/p>\n\n\n<div class=\"wp-block-image\">\n<figure class=\"aligncenter size-large\"><a href=\"https:\/\/foradazonadeconforto.com\/entrepolos\/wp-content\/uploads\/2021\/03\/igreja_sao_jose-8.jpg\"><img loading=\"lazy\" decoding=\"async\" width=\"800\" height=\"600\" src=\"https:\/\/foradazonadeconforto.com\/entrepolos\/wp-content\/uploads\/2021\/03\/igreja_sao_jose-8.jpg\" alt=\"fachada da igreja de s\u00e3o jos\u00e9\" class=\"wp-image-10700\" srcset=\"https:\/\/foradazonadeconforto.com\/entrepolos\/wp-content\/uploads\/2021\/03\/igreja_sao_jose-8.jpg 800w, https:\/\/foradazonadeconforto.com\/entrepolos\/wp-content\/uploads\/2021\/03\/igreja_sao_jose-8-300x225.jpg 300w, https:\/\/foradazonadeconforto.com\/entrepolos\/wp-content\/uploads\/2021\/03\/igreja_sao_jose-8-768x576.jpg 768w, https:\/\/foradazonadeconforto.com\/entrepolos\/wp-content\/uploads\/2021\/03\/igreja_sao_jose-8-150x113.jpg 150w\" sizes=\"auto, (max-width: 800px) 100vw, 800px\" \/><\/a><\/figure><\/div>\n\n<div class=\"wp-block-image\">\n<figure class=\"aligncenter size-large\"><a href=\"https:\/\/foradazonadeconforto.com\/entrepolos\/wp-content\/uploads\/2021\/03\/igreja_sao_jose-17.jpg\"><img loading=\"lazy\" decoding=\"async\" width=\"800\" height=\"600\" src=\"https:\/\/foradazonadeconforto.com\/entrepolos\/wp-content\/uploads\/2021\/03\/igreja_sao_jose-17.jpg\" alt=\"jardim entre a igreja de s\u00e3o jos\u00e9 e bas\u00edlica da anuncia\u00e7\u00e3o\" class=\"wp-image-10709\" srcset=\"https:\/\/foradazonadeconforto.com\/entrepolos\/wp-content\/uploads\/2021\/03\/igreja_sao_jose-17.jpg 800w, https:\/\/foradazonadeconforto.com\/entrepolos\/wp-content\/uploads\/2021\/03\/igreja_sao_jose-17-300x225.jpg 300w, https:\/\/foradazonadeconforto.com\/entrepolos\/wp-content\/uploads\/2021\/03\/igreja_sao_jose-17-768x576.jpg 768w, https:\/\/foradazonadeconforto.com\/entrepolos\/wp-content\/uploads\/2021\/03\/igreja_sao_jose-17-150x113.jpg 150w\" sizes=\"auto, (max-width: 800px) 100vw, 800px\" \/><\/a><\/figure><\/div>\n\n\n<p>Segundo os historiadores, naquele tempo, Nazar\u00e9 devia ser um vilarejo com aproximadamente 20 fam\u00edlias. Ent\u00e3o fica f\u00e1cil de entender as ru\u00ednas que vemos atualmente sob as igrejas.<\/p>\n\n\n\n<p>\u00c9 importante dizer que n\u00e3o \u00e9 apenas a <strong>tradi\u00e7\u00e3o religiosa<\/strong> que diz ser esse o local onde a <strong>Sagrada Fam\u00edlia<\/strong> vivia, mas tamb\u00e9m h\u00e1 a comprova\u00e7\u00e3o arqueol\u00f3gica. O local foi escavado por arque\u00f3logos que encontraram v\u00e1rios elementos que comprovam sua veracidade.<\/p>\n\n\n\n<p>Algumas ru\u00ednas escavadas s\u00e3o vis\u00edveis no p\u00e1tio que liga as duas igrejas, mas em outras o acesso n\u00e3o \u00e9 permitido para que sejam preservadas. Sabe-se que j\u00e1 no primeiro s\u00e9culo depois de Cristo esse local foi transformado em um local religioso. Inclusive um <strong>batist\u00e9rio<\/strong> foi constru\u00eddo ali.<\/p>\n\n\n<div class=\"wp-block-image\">\n<figure class=\"aligncenter size-large\"><a href=\"https:\/\/foradazonadeconforto.com\/entrepolos\/wp-content\/uploads\/2021\/03\/igreja_sao_jose-5.jpg\"><img loading=\"lazy\" decoding=\"async\" width=\"800\" height=\"600\" src=\"https:\/\/foradazonadeconforto.com\/entrepolos\/wp-content\/uploads\/2021\/03\/igreja_sao_jose-5.jpg\" alt=\"ru\u00ednas das escava\u00e7\u00f5es sob a igreja  \" class=\"wp-image-10697\" srcset=\"https:\/\/foradazonadeconforto.com\/entrepolos\/wp-content\/uploads\/2021\/03\/igreja_sao_jose-5.jpg 800w, https:\/\/foradazonadeconforto.com\/entrepolos\/wp-content\/uploads\/2021\/03\/igreja_sao_jose-5-300x225.jpg 300w, https:\/\/foradazonadeconforto.com\/entrepolos\/wp-content\/uploads\/2021\/03\/igreja_sao_jose-5-768x576.jpg 768w, https:\/\/foradazonadeconforto.com\/entrepolos\/wp-content\/uploads\/2021\/03\/igreja_sao_jose-5-150x113.jpg 150w\" sizes=\"auto, (max-width: 800px) 100vw, 800px\" \/><\/a><\/figure><\/div>\n\n<div class=\"wp-block-image\">\n<figure class=\"aligncenter size-large\"><a href=\"https:\/\/foradazonadeconforto.com\/entrepolos\/wp-content\/uploads\/2021\/03\/igreja_sao_jose-6.jpg\"><img loading=\"lazy\" decoding=\"async\" width=\"800\" height=\"600\" src=\"https:\/\/foradazonadeconforto.com\/entrepolos\/wp-content\/uploads\/2021\/03\/igreja_sao_jose-6.jpg\" alt=\"ru\u00ednas das escava\u00e7\u00f5es sob a igreja\" class=\"wp-image-10698\" srcset=\"https:\/\/foradazonadeconforto.com\/entrepolos\/wp-content\/uploads\/2021\/03\/igreja_sao_jose-6.jpg 800w, https:\/\/foradazonadeconforto.com\/entrepolos\/wp-content\/uploads\/2021\/03\/igreja_sao_jose-6-300x225.jpg 300w, https:\/\/foradazonadeconforto.com\/entrepolos\/wp-content\/uploads\/2021\/03\/igreja_sao_jose-6-768x576.jpg 768w, https:\/\/foradazonadeconforto.com\/entrepolos\/wp-content\/uploads\/2021\/03\/igreja_sao_jose-6-150x113.jpg 150w\" sizes=\"auto, (max-width: 800px) 100vw, 800px\" \/><\/a><\/figure><\/div>\n\n\n<p>A Igreja de S\u00e3o Jos\u00e9 em Nazar\u00e9 foi constru\u00edda em 1914 em estilo Novo Rom\u00e2ntico, sobre as funda\u00e7\u00f5es de uma antiga igreja constru\u00edda pelos Cruzados no s\u00e9culo XII.&nbsp;<\/p>\n\n\n<div class=\"wp-block-image\">\n<figure class=\"aligncenter size-large\"><a href=\"https:\/\/foradazonadeconforto.com\/entrepolos\/wp-content\/uploads\/2021\/03\/igreja_sao_jose-10.jpg\"><img loading=\"lazy\" decoding=\"async\" width=\"773\" height=\"579\" src=\"https:\/\/foradazonadeconforto.com\/entrepolos\/wp-content\/uploads\/2021\/03\/igreja_sao_jose-10.jpg\" alt=\"\" class=\"wp-image-10702\" srcset=\"https:\/\/foradazonadeconforto.com\/entrepolos\/wp-content\/uploads\/2021\/03\/igreja_sao_jose-10.jpg 773w, https:\/\/foradazonadeconforto.com\/entrepolos\/wp-content\/uploads\/2021\/03\/igreja_sao_jose-10-300x225.jpg 300w, https:\/\/foradazonadeconforto.com\/entrepolos\/wp-content\/uploads\/2021\/03\/igreja_sao_jose-10-768x575.jpg 768w, https:\/\/foradazonadeconforto.com\/entrepolos\/wp-content\/uploads\/2021\/03\/igreja_sao_jose-10-150x112.jpg 150w\" sizes=\"auto, (max-width: 773px) 100vw, 773px\" \/><\/a><\/figure><\/div>\n\n<div class=\"wp-block-image\">\n<figure class=\"aligncenter size-large\"><a href=\"https:\/\/foradazonadeconforto.com\/entrepolos\/wp-content\/uploads\/2021\/03\/igreja_sao_jose-11.jpg\"><img loading=\"lazy\" decoding=\"async\" width=\"800\" height=\"600\" src=\"https:\/\/foradazonadeconforto.com\/entrepolos\/wp-content\/uploads\/2021\/03\/igreja_sao_jose-11.jpg\" alt=\"\" class=\"wp-image-10703\" srcset=\"https:\/\/foradazonadeconforto.com\/entrepolos\/wp-content\/uploads\/2021\/03\/igreja_sao_jose-11.jpg 800w, https:\/\/foradazonadeconforto.com\/entrepolos\/wp-content\/uploads\/2021\/03\/igreja_sao_jose-11-300x225.jpg 300w, https:\/\/foradazonadeconforto.com\/entrepolos\/wp-content\/uploads\/2021\/03\/igreja_sao_jose-11-768x576.jpg 768w, https:\/\/foradazonadeconforto.com\/entrepolos\/wp-content\/uploads\/2021\/03\/igreja_sao_jose-11-150x113.jpg 150w\" sizes=\"auto, (max-width: 800px) 100vw, 800px\" \/><\/a><\/figure><\/div>\n\n<div class=\"wp-block-image\">\n<figure class=\"aligncenter size-large\"><a href=\"https:\/\/foradazonadeconforto.com\/entrepolos\/wp-content\/uploads\/2021\/03\/igreja_sao_jose-15.jpg\"><img loading=\"lazy\" decoding=\"async\" width=\"600\" height=\"800\" src=\"https:\/\/foradazonadeconforto.com\/entrepolos\/wp-content\/uploads\/2021\/03\/igreja_sao_jose-15.jpg\" alt=\"interior da igreja de s\u00e3o jos\u00e9\" class=\"wp-image-10707\" srcset=\"https:\/\/foradazonadeconforto.com\/entrepolos\/wp-content\/uploads\/2021\/03\/igreja_sao_jose-15.jpg 600w, https:\/\/foradazonadeconforto.com\/entrepolos\/wp-content\/uploads\/2021\/03\/igreja_sao_jose-15-225x300.jpg 225w, https:\/\/foradazonadeconforto.com\/entrepolos\/wp-content\/uploads\/2021\/03\/igreja_sao_jose-15-150x200.jpg 150w\" sizes=\"auto, (max-width: 600px) 100vw, 600px\" \/><\/a><\/figure><\/div>\n\n\n<p>Em 1950, as absides foram decoradas por um artista italiano. A imagem principal mostra a sagrada fam\u00edlia e uma adicional \u00e9 apenas de Jos\u00e9. A decora\u00e7\u00e3o dos vitrais tamb\u00e9m conta a hist\u00f3ria do lugar.<\/p>\n\n\n<div class=\"wp-block-image\">\n<figure class=\"aligncenter size-large\"><a href=\"https:\/\/foradazonadeconforto.com\/entrepolos\/wp-content\/uploads\/2021\/03\/igreja_sao_jose-16.jpg\"><img loading=\"lazy\" decoding=\"async\" width=\"600\" height=\"800\" src=\"https:\/\/foradazonadeconforto.com\/entrepolos\/wp-content\/uploads\/2021\/03\/igreja_sao_jose-16.jpg\" alt=\"imagem de s\u00e3o jos\u00e9 e o menino jesus\" class=\"wp-image-10708\" srcset=\"https:\/\/foradazonadeconforto.com\/entrepolos\/wp-content\/uploads\/2021\/03\/igreja_sao_jose-16.jpg 600w, https:\/\/foradazonadeconforto.com\/entrepolos\/wp-content\/uploads\/2021\/03\/igreja_sao_jose-16-225x300.jpg 225w, https:\/\/foradazonadeconforto.com\/entrepolos\/wp-content\/uploads\/2021\/03\/igreja_sao_jose-16-150x200.jpg 150w\" sizes=\"auto, (max-width: 600px) 100vw, 600px\" \/><\/a><\/figure><\/div>\n\n\n<p>As escadas levam ao subsolo da igreja, onde h\u00e1 uma cripta com vest\u00edgios arqueol\u00f3gicos da \u00e9poca da vila de Nazar\u00e9, bem como a caverna usada como oficina de Jos\u00e9. Al\u00e9m de um antigo po\u00e7o de \u00e1gua, mosaicos e celeiros que sobreviveram desde os s\u00e9culos I e II a.C.<\/p>\n\n\n<div class=\"wp-block-image\">\n<figure class=\"aligncenter size-large\"><a href=\"https:\/\/foradazonadeconforto.com\/entrepolos\/wp-content\/uploads\/2021\/03\/igreja_sao_jose-13.jpg\"><img loading=\"lazy\" decoding=\"async\" width=\"800\" height=\"600\" src=\"https:\/\/foradazonadeconforto.com\/entrepolos\/wp-content\/uploads\/2021\/03\/igreja_sao_jose-13.jpg\" alt=\"cripta na igreja de s\u00e3o jos\u00e9\" class=\"wp-image-10705\" srcset=\"https:\/\/foradazonadeconforto.com\/entrepolos\/wp-content\/uploads\/2021\/03\/igreja_sao_jose-13.jpg 800w, https:\/\/foradazonadeconforto.com\/entrepolos\/wp-content\/uploads\/2021\/03\/igreja_sao_jose-13-300x225.jpg 300w, https:\/\/foradazonadeconforto.com\/entrepolos\/wp-content\/uploads\/2021\/03\/igreja_sao_jose-13-768x576.jpg 768w, https:\/\/foradazonadeconforto.com\/entrepolos\/wp-content\/uploads\/2021\/03\/igreja_sao_jose-13-150x113.jpg 150w\" sizes=\"auto, (max-width: 800px) 100vw, 800px\" \/><\/a><\/figure><\/div>\n\n<div class=\"wp-block-image\">\n<figure class=\"aligncenter size-large\"><a href=\"https:\/\/foradazonadeconforto.com\/entrepolos\/wp-content\/uploads\/2021\/03\/igreja_sao_jose-12.jpg\"><img loading=\"lazy\" decoding=\"async\" width=\"450\" height=\"600\" src=\"https:\/\/foradazonadeconforto.com\/entrepolos\/wp-content\/uploads\/2021\/03\/igreja_sao_jose-12.jpg\" alt=\"altar \" class=\"wp-image-10704\" srcset=\"https:\/\/foradazonadeconforto.com\/entrepolos\/wp-content\/uploads\/2021\/03\/igreja_sao_jose-12.jpg 450w, https:\/\/foradazonadeconforto.com\/entrepolos\/wp-content\/uploads\/2021\/03\/igreja_sao_jose-12-225x300.jpg 225w, https:\/\/foradazonadeconforto.com\/entrepolos\/wp-content\/uploads\/2021\/03\/igreja_sao_jose-12-150x200.jpg 150w\" sizes=\"auto, (max-width: 450px) 100vw, 450px\" \/><\/a><\/figure><\/div>\n\n\n<p>Em frente ao Convento Terra Santa existe um pequeno museu que guarda a cole\u00e7\u00e3o de artefatos arqueol\u00f3gicos encontrados nas escava\u00e7\u00f5es feitas em 1908.<\/p>\n\n\n<div class=\"wp-block-image\">\n<figure class=\"aligncenter size-large\"><a href=\"https:\/\/foradazonadeconforto.com\/entrepolos\/wp-content\/uploads\/2021\/03\/igreja_sao_jose-7.jpg\"><img loading=\"lazy\" decoding=\"async\" width=\"600\" height=\"800\" src=\"https:\/\/foradazonadeconforto.com\/entrepolos\/wp-content\/uploads\/2021\/03\/igreja_sao_jose-7.jpg\" alt=\"imagem de s\u00e3o jos\u00e9\" class=\"wp-image-10699\" srcset=\"https:\/\/foradazonadeconforto.com\/entrepolos\/wp-content\/uploads\/2021\/03\/igreja_sao_jose-7.jpg 600w, https:\/\/foradazonadeconforto.com\/entrepolos\/wp-content\/uploads\/2021\/03\/igreja_sao_jose-7-225x300.jpg 225w, https:\/\/foradazonadeconforto.com\/entrepolos\/wp-content\/uploads\/2021\/03\/igreja_sao_jose-7-150x200.jpg 150w\" sizes=\"auto, (max-width: 600px) 100vw, 600px\" \/><\/a><\/figure><\/div>\n\n\n<p>Nazar\u00e9 fica pr\u00f3xima \u00e0s cidades de Cafarnaum e Tiber\u00edades, que eram as cidades mais importantes da Galileia. Para localizar um pouco melhor, s\u00e3o 146 km ao norte de Jerusal\u00e9m.<\/p>\n\n\n\n<p class=\"has-text-align-center\"><\/p>\n\n\n\n<p><\/p>\n\n\n\n<p>Em nossa \u00faltima viagem, Nazar\u00e9 fazia parte roteiro da excurs\u00e3o que est\u00e1vamos, mas em uma viagem anterior \u00e0 <a href=\"https:\/\/foradazonadeconforto.com\/entrepolos\/viagem-terra-santa\/\">Terra Santa<\/a> quando eu estava viajando sozinha com minha m\u00e3e, n\u00f3s compramos um passeio de bate e volta saindo de Jerusal\u00e9m.&nbsp;Se voc\u00ea estiver viajando de forma independente, saiba que \u00e9 bem f\u00e1cil adquirir passeios ou mesmo viajar em transporte p\u00fablico em Israel.<\/p>\n\n\n<div class=\"wp-block-image\">\n<figure class=\"aligncenter size-large\"><a href=\"https:\/\/foradazonadeconforto.com\/entrepolos\/wp-content\/uploads\/2021\/03\/igreja_sao_jose-9.jpg\"><img loading=\"lazy\" decoding=\"async\" width=\"600\" height=\"800\" src=\"https:\/\/foradazonadeconforto.com\/entrepolos\/wp-content\/uploads\/2021\/03\/igreja_sao_jose-9.jpg\" alt=\"imagem de maria\" class=\"wp-image-10701\" srcset=\"https:\/\/foradazonadeconforto.com\/entrepolos\/wp-content\/uploads\/2021\/03\/igreja_sao_jose-9.jpg 600w, https:\/\/foradazonadeconforto.com\/entrepolos\/wp-content\/uploads\/2021\/03\/igreja_sao_jose-9-225x300.jpg 225w, https:\/\/foradazonadeconforto.com\/entrepolos\/wp-content\/uploads\/2021\/03\/igreja_sao_jose-9-150x200.jpg 150w\" sizes=\"auto, (max-width: 600px) 100vw, 600px\" \/><\/a><\/figure><\/div>\n\n\n<p>Para ter mais informa\u00e7\u00f5es sobre a Igreja de S\u00e3o Jos\u00e9 acesse o site da <a href=\"https:\/\/www.custodia.org\/en\/sanctuaries\/nazareth-saint-joseph\" target=\"_blank\" rel=\"noreferrer noopener\">Cust\u00f3dia Terra Santa.<\/a><\/p>\n\n\n\n<p>Outros santu\u00e1rios visitados nessa viagem:  <\/p>\n\n\n\n<div class=\"wp-block-group\"><div class=\"wp-block-group__inner-container is-layout-flow wp-block-group-is-layout-flow\">\n<ul class=\"wp-block-list\">\n<li><a href=\"https:\/\/foradazonadeconforto.com\/entrepolos\/igreja-de-sao-sergio-sao-baco-cairo-copta\/\" target=\"_blank\" rel=\"noreferrer noopener\">Igreja de S\u00e3o S\u00e9rgio e S\u00e3o Baco no Cairo Copta<\/a>, no Egito<\/li>\n\n\n\n<li><a href=\"https:\/\/foradazonadeconforto.com\/entrepolos\/ein-karem-local-visitacao-de-maria-a-isabel\/\" target=\"_blank\" rel=\"noreferrer noopener\">Ein Karem: Local de Nascimento de Jo\u00e3o Batista E da Visita\u00e7\u00e3o de Maria \u00e0 Isabel<\/a>, em Israel<\/li>\n\n\n\n<li><a href=\"https:\/\/foradazonadeconforto.com\/entrepolos\/monte-carmelo-israel\/\" target=\"_blank\" rel=\"noreferrer noopener\">Monte Carmelo<\/a>, em Israel<\/li>\n\n\n\n<li><a href=\"https:\/\/foradazonadeconforto.com\/entrepolos\/monte-nebo-o-mirante-para-a-terra-prometida\/\" target=\"_blank\" rel=\"noreferrer noopener\">Monte Nebo<\/a>, na Jord\u00e2nia <\/li>\n<\/ul>\n\n\n\n<div class=\"wp-block-group\"><div class=\"wp-block-group__inner-container is-layout-flow wp-block-group-is-layout-flow\">\n<p><strong>Se voc\u00ea gosta do conte\u00fado que encontra aqui, por favor, nos ajude a mant\u00ea-lo. Para isso, basta usar os nossos links na hora de fazer suas reservas para viajar.  Assim recebemos uma pequena comiss\u00e3o e voc\u00ea n\u00e3o paga nada a mais por isso.  <\/strong><\/p>\n\n\n\n<ul class=\"wp-block-list\"><li><strong>Reserve seu hotel no <a href=\"https:\/\/www.booking.com\/index.html?aid=894710\" target=\"_blank\" rel=\"noreferrer noopener nofollow\">Booking.com<\/a><\/strong><\/li><li><strong>Fa\u00e7a cota\u00e7\u00e3o para seu <a href=\"https:\/\/www.seguroviagem.srv.br\/?agency=542\" target=\"_blank\" rel=\"noreferrer noopener nofollow\">Seguro de Viagem<\/a><\/strong><\/li><li><strong>Compre passeios na <a href=\"https:\/\/www.getyourguide.com.br\/?utm_force=0&amp;partner_id=IDZA681&amp;utm_medium=online_publisher&amp;placement=other\" target=\"_blank\" rel=\"noreferrer noopener nofollow\">GetYourGuide<\/a> <\/strong><\/li><li><strong>Compre ingressos fura-fila na <a href=\"https:\/\/www.tiqets.com\/pt?partner=+foradazonadeconforto+\" target=\"_blank\" rel=\"noreferrer noopener nofollow\">Tiqets<\/a><\/strong><\/li><li><strong>Alugue um carro na <a href=\"https:\/\/www.rentcars.com\/?requestorid=371\" target=\"_blank\" rel=\"noreferrer noopener nofollow\">RentCars<\/a><\/strong><\/li><li><strong>Encontre sua passagem a\u00e9rea na <a href=\"https:\/\/www.passagenspromo.com.br\/?utm_medium=afiliado&amp;pcrid=2102&amp;utm_source=site-blog\" target=\"_blank\" rel=\"noreferrer noopener nofollow\">Passagens Promo<\/a><\/strong><\/li><li><strong>Compre um chip internacional da <a href=\"https:\/\/www.easysim4u.com\/?utm_source=entrepolos&amp;utm_campaign=campanha_entrepolos&amp;\" target=\"_blank\" rel=\"noreferrer noopener nofollow\">EasySim4U<\/a>  <\/strong><\/li><\/ul>\n\n\n\n<p><span style=\"border-top-left-radius: 2px; border-top-right-radius: 2px; border-bottom-right-radius: 2px; border-bottom-left-radius: 2px; text-indent: 20px; width: auto; padding: 0px 4px 0px 0px; text-align: center; font-style: normal; font-variant-caps: normal; font-weight: bold; font-stretch: normal; font-size: 11px; line-height: 20px; font-family: 'Helvetica Neue', Helvetica, sans-serif; color: #ffffff; background-image: url(data:image\/svg+xml; base64,phn2zyb4bwxucz0iahr0cdovl3d3dy53my5vcmcvmjawmc9zdmciighlawdodd0imzbwecigd2lkdgg9ijmwchgiihzpzxdcb3g9ii0xic0xidmxidmxij48zz48cgf0acbkpsjnmjkundq5lde0ljy2mibdmjkundq5ldiyljcymiaymi44njgsmjkumju2ide0ljc1ldi5lji1nibdni42mzismjkumju2idaumduxldiyljcymiawlja1mswxnc42njigqzaumduxldyunjaxidyunjmyldaumdy3ide0ljc1ldaumdy3iemymi44njgsmc4wnjcgmjkundq5ldyunjaxidi5ljq0oswxnc42njiiigzpbgw9iinmzmyiihn0cm9rzt0ii2zmziigc3ryb2tllxdpzhropsixij48l3bhdgg+phbhdgggzd0itte0ljczmywxljy4nibdny41mtysms42odygms42njusny40otugms42njusmtqunjyyiemxljy2nswymc4xntkgns4xmdksmjquodu0idkuotcsmjyunzq0iem5ljg1niwyns43mtggos43ntmsmjqumtqzidewljaxniwymy4wmjigqzewlji1mywymi4wmsaxms41ndgsmtyuntcyidexlju0ocwxni41nzigqzexlju0ocwxni41nzigmteumtu3lde1ljc5nsaxms4xntcsmtqunjq2iemxms4xntcsmtiuodqyideyljixmswxms40otugmtmuntiyldexljq5nsbdmtqunjm3ldexljq5nsaxns4xnzusmtiumzi2ide1lje3nswxmy4zmjmgqze1lje3nswxnc40mzygmtqundyylde2ljegmtqumdkzlde3ljy0mybdmtmunzg1lde4ljkznsaxnc43ndusmtkuotg4ide2ljayocwxos45odggqze4ljm1mswxos45odggmjaumtm2lde3lju1niaymc4xmzysmtqumdq2iemymc4xmzysmtauotm5ide3ljg4ocw4ljc2nyaxnc42nzgsoc43njcgqzewljk1osw4ljc2nya4ljc3nywxms41mzygoc43nzcsmtqumzk4iem4ljc3nywxns41mtmgos4ymswxni43mdkgos43ndksmtcumzu5iem5ljg1niwxny40odggos44nzismtcunia5ljg0lde3ljczmsbdos43ndesmtgumtqxidkuntismtkumdizidkundc3lde5ljiwmybdos40miwxos40nca5lji4ocwxos40otegos4wncwxos4znzygqzcunda4lde4ljyymia2ljm4nywxni4yntigni4zodcsmtqumzq5iem2ljm4nywxmc4yntygos4zodmsni40otcgmtuumdiyldyundk3iemxos41ntusni40otcgmjmumdc4ldkunza1idizlja3ocwxmy45otegqzizlja3ocwxoc40njmgmjaumjm5ldiylja2miaxni4yotcsmjiumdyyiemxnc45nzmsmjiumdyyidezljcyocwyms4znzkgmtmumzayldiwlju3mibdmtmumzayldiwlju3miaxmi42ndcsmjmumdugmtiundg4ldizljy1nybdmtiumtkzldi0ljc4ncaxms4zotysmjyumtk2idewljg2mywyny4wntggqzeylja4niwyny40mzqgmtmumzg2ldi3ljyznyaxnc43mzmsmjcunjm3iemyms45nswyny42mzcgmjcuodaxldixljgyocayny44mdesmtqunjyyiemyny44mdesny40otugmjeuotusms42odygmtqunzmzldeunjg2iibmawxspsijymqwodfjij48l3bhdgg+pc9npjwvc3znpg==); background-size: 14px 14px; background-color: #bd081c; position: absolute; opacity: 1; z-index: 8675309; display: none; cursor: pointer; border: none; -webkit-font-smoothing: antialiased; top: 424px; left: 82px; background-position: 3px 50%; background-repeat: no-repeat no-repeat;\">Save<\/span><span style=\"border-top-left-radius: 2px; border-top-right-radius: 2px; border-bottom-right-radius: 2px; border-bottom-left-radius: 2px; text-indent: 20px; width: auto; padding: 0px 4px 0px 0px; text-align: center; font-style: normal; font-variant-caps: normal; font-weight: bold; font-stretch: normal; font-size: 11px; line-height: 20px; font-family: 'Helvetica Neue', Helvetica, sans-serif; color: #ffffff; background-image: url(data:image\/svg+xml; base64,phn2zyb4bwxucz0iahr0cdovl3d3dy53my5vcmcvmjawmc9zdmciighlawdodd0imzbwecigd2lkdgg9ijmwchgiihzpzxdcb3g9ii0xic0xidmxidmxij48zz48cgf0acbkpsjnmjkundq5lde0ljy2mibdmjkundq5ldiyljcymiaymi44njgsmjkumju2ide0ljc1ldi5lji1nibdni42mzismjkumju2idaumduxldiyljcymiawlja1mswxnc42njigqzaumduxldyunjaxidyunjmyldaumdy3ide0ljc1ldaumdy3iemymi44njgsmc4wnjcgmjkundq5ldyunjaxidi5ljq0oswxnc42njiiigzpbgw9iinmzmyiihn0cm9rzt0ii2zmziigc3ryb2tllxdpzhropsixij48l3bhdgg+phbhdgggzd0itte0ljczmywxljy4nibdny41mtysms42odygms42njusny40otugms42njusmtqunjyyiemxljy2nswymc4xntkgns4xmdksmjquodu0idkuotcsmjyunzq0iem5ljg1niwyns43mtggos43ntmsmjqumtqzidewljaxniwymy4wmjigqzewlji1mywymi4wmsaxms41ndgsmtyuntcyidexlju0ocwxni41nzigqzexlju0ocwxni41nzigmteumtu3lde1ljc5nsaxms4xntcsmtqunjq2iemxms4xntcsmtiuodqyideyljixmswxms40otugmtmuntiyldexljq5nsbdmtqunjm3ldexljq5nsaxns4xnzusmtiumzi2ide1lje3nswxmy4zmjmgqze1lje3nswxnc40mzygmtqundyylde2ljegmtqumdkzlde3ljy0mybdmtmunzg1lde4ljkznsaxnc43ndusmtkuotg4ide2ljayocwxos45odggqze4ljm1mswxos45odggmjaumtm2lde3lju1niaymc4xmzysmtqumdq2iemymc4xmzysmtauotm5ide3ljg4ocw4ljc2nyaxnc42nzgsoc43njcgqzewljk1osw4ljc2nya4ljc3nywxms41mzygoc43nzcsmtqumzk4iem4ljc3nywxns41mtmgos4ymswxni43mdkgos43ndksmtcumzu5iem5ljg1niwxny40odggos44nzismtcunia5ljg0lde3ljczmsbdos43ndesmtgumtqxidkuntismtkumdizidkundc3lde5ljiwmybdos40miwxos40nca5lji4ocwxos40otegos4wncwxos4znzygqzcunda4lde4ljyymia2ljm4nywxni4yntigni4zodcsmtqumzq5iem2ljm4nywxmc4yntygos4zodmsni40otcgmtuumdiyldyundk3iemxos41ntusni40otcgmjmumdc4ldkunza1idizlja3ocwxmy45otegqzizlja3ocwxoc40njmgmjaumjm5ldiylja2miaxni4yotcsmjiumdyyiemxnc45nzmsmjiumdyyidezljcyocwyms4znzkgmtmumzayldiwlju3mibdmtmumzayldiwlju3miaxmi42ndcsmjmumdugmtiundg4ldizljy1nybdmtiumtkzldi0ljc4ncaxms4zotysmjyumtk2idewljg2mywyny4wntggqzeylja4niwyny40mzqgmtmumzg2ldi3ljyznyaxnc43mzmsmjcunjm3iemyms45nswyny42mzcgmjcuodaxldixljgyocayny44mdesmtqunjyyiemyny44mdesny40otugmjeuotusms42odygmtqunzmzldeunjg2iibmawxspsijymqwodfjij48l3bhdgg+pc9npjwvc3znpg==); background-size: 14px 14px; background-color: #bd081c; position: absolute; opacity: 1; z-index: 8675309; display: none; cursor: pointer; border: none; -webkit-font-smoothing: antialiased; top: 424px; left: 82px; background-position: 3px 50%; background-repeat: no-repeat no-repeat;\">Save<\/span><\/p>\n\n<!--themify_builder_content-->\n<div id=\"themify_builder_content-10710\" data-postid=\"10710\" class=\"themify_builder_content themify_builder_content-10710 themify_builder tf_clear\">\n    <\/div>\n<!--\/themify_builder_content--><\/div><\/div>\n\n\n\n<p><\/p>\n<\/div><\/div>\n\n\n\n<p><\/p>\n\n<!--themify_builder_content-->\n<div id=\"themify_builder_content-10710\" data-postid=\"10710\" class=\"themify_builder_content themify_builder_content-10710 themify_builder tf_clear\">\n    <\/div>\n<!--\/themify_builder_content-->","protected":false},"excerpt":{"rendered":"<p>A Igreja de S\u00e3o Jos\u00e9 em Nazar\u00e9, foi constru\u00edda sobre o local onde se acredita ter sido a carpintaria da Fam\u00edlia Sagrada. Por ter sido o local onde Jesus viveu em sua inf\u00e2ncia \u00e9 considerado um dos pontos mais sagrados da Terra Santa. Como no tempo de Jesus, Nazar\u00e9 era um pequeno vilarejo, os locais [&hellip;]<\/p>\n","protected":false},"author":0,"featured_media":10706,"comment_status":"open","ping_status":"open","sticky":false,"template":"","format":"standard","meta":{"om_disable_all_campaigns":false,"_lmt_disableupdate":"","_lmt_disable":"","_monsterinsights_skip_tracking":false,"_monsterinsights_sitenote_active":false,"_monsterinsights_sitenote_note":"","_monsterinsights_sitenote_category":0,"footnotes":""},"categories":[145,99,257],"tags":[],"class_list":["post-10710","post","type-post","status-publish","format-standard","has-post-thumbnail","hentry","category-asia","category-israel","category-santuario","has-post-title","has-post-date","has-post-category","has-post-tag","has-post-comment","has-post-author",""],"yoast_head":"<!-- This site is optimized with the Yoast SEO plugin v27.4 - https:\/\/yoast.com\/product\/yoast-seo-wordpress\/ -->\n<title>12 Lindas Fotos da Igreja de S\u00e3o Jos\u00e9 em Nazar\u00e9 - Santu\u00e1rios pelo Mundo<\/title>\n<meta name=\"description\" content=\"A Igreja de S\u00e3o Jos\u00e9 \u00e9 um dos pontos mais sagrados da Terra Santa. D\u00ea uma olhada neste artigo para ver fotos lindas e hist\u00f3ria interessante.\" \/>\n<meta name=\"robots\" content=\"index, follow, max-snippet:-1, max-image-preview:large, max-video-preview:-1\" \/>\n<link rel=\"canonical\" href=\"https:\/\/foradazonadeconforto.com\/entrepolos\/igreja-de-sao-jose-em-nazare\/\" \/>\n<meta property=\"og:locale\" content=\"pt_BR\" \/>\n<meta property=\"og:type\" content=\"article\" \/>\n<meta property=\"og:title\" content=\"12 Lindas Fotos da Igreja de S\u00e3o Jos\u00e9 em Nazar\u00e9 - Santu\u00e1rios pelo Mundo\" \/>\n<meta property=\"og:description\" content=\"A Igreja de S\u00e3o Jos\u00e9 \u00e9 um dos pontos mais sagrados da Terra Santa. D\u00ea uma olhada neste artigo para ver fotos lindas e hist\u00f3ria interessante.\" \/>\n<meta property=\"og:url\" content=\"https:\/\/foradazonadeconforto.com\/entrepolos\/igreja-de-sao-jose-em-nazare\/\" \/>\n<meta property=\"og:site_name\" content=\"Entre Polos\" \/>\n<meta property=\"article:publisher\" content=\"https:\/\/www.facebook.com\/blogentrepolos\/\" \/>\n<meta property=\"article:published_time\" content=\"2021-03-19T10:00:00+00:00\" \/>\n<meta property=\"article:modified_time\" content=\"2023-02-07T20:09:39+00:00\" \/>\n<meta property=\"og:image\" content=\"https:\/\/foradazonadeconforto.com\/entrepolos\/wp-content\/uploads\/2021\/03\/igreja_sao_jose-14.jpg\" \/>\n\t<meta property=\"og:image:width\" content=\"800\" \/>\n\t<meta property=\"og:image:height\" content=\"600\" \/>\n\t<meta property=\"og:image:type\" content=\"image\/jpeg\" \/>\n<meta name=\"twitter:card\" content=\"summary_large_image\" \/>\n<meta name=\"twitter:creator\" content=\"@BlogEntrePolos\" \/>\n<meta name=\"twitter:site\" content=\"@BlogEntrePolos\" \/>\n<meta name=\"twitter:label1\" content=\"Est. tempo de leitura\" \/>\n\t<meta name=\"twitter:data1\" content=\"6 minutos\" \/>\n<script type=\"application\/ld+json\" class=\"yoast-schema-graph\">{\"@context\":\"https:\\\/\\\/schema.org\",\"@graph\":[{\"@type\":\"Article\",\"@id\":\"https:\\\/\\\/foradazonadeconforto.com\\\/entrepolos\\\/igreja-de-sao-jose-em-nazare\\\/#article\",\"isPartOf\":{\"@id\":\"https:\\\/\\\/foradazonadeconforto.com\\\/entrepolos\\\/igreja-de-sao-jose-em-nazare\\\/\"},\"author\":{\"name\":\"\",\"@id\":\"\"},\"headline\":\"12 Lindas Fotos da Igreja de S\u00e3o Jos\u00e9 em Nazar\u00e9\",\"datePublished\":\"2021-03-19T10:00:00+00:00\",\"dateModified\":\"2023-02-07T20:09:39+00:00\",\"mainEntityOfPage\":{\"@id\":\"https:\\\/\\\/foradazonadeconforto.com\\\/entrepolos\\\/igreja-de-sao-jose-em-nazare\\\/\"},\"wordCount\":585,\"commentCount\":0,\"image\":{\"@id\":\"https:\\\/\\\/foradazonadeconforto.com\\\/entrepolos\\\/igreja-de-sao-jose-em-nazare\\\/#primaryimage\"},\"thumbnailUrl\":\"https:\\\/\\\/foradazonadeconforto.com\\\/entrepolos\\\/wp-content\\\/uploads\\\/2021\\\/03\\\/igreja_sao_jose-14.jpg\",\"articleSection\":[\"\u00c1sia\",\"Israel\",\"Santu\u00e1rio\"],\"inLanguage\":\"pt-BR\",\"potentialAction\":[{\"@type\":\"CommentAction\",\"name\":\"Comment\",\"target\":[\"https:\\\/\\\/foradazonadeconforto.com\\\/entrepolos\\\/igreja-de-sao-jose-em-nazare\\\/#respond\"]}]},{\"@type\":\"WebPage\",\"@id\":\"https:\\\/\\\/foradazonadeconforto.com\\\/entrepolos\\\/igreja-de-sao-jose-em-nazare\\\/\",\"url\":\"https:\\\/\\\/foradazonadeconforto.com\\\/entrepolos\\\/igreja-de-sao-jose-em-nazare\\\/\",\"name\":\"12 Lindas Fotos da Igreja de S\u00e3o Jos\u00e9 em Nazar\u00e9 - Santu\u00e1rios pelo Mundo\",\"isPartOf\":{\"@id\":\"https:\\\/\\\/foradazonadeconforto.com\\\/entrepolos\\\/#website\"},\"primaryImageOfPage\":{\"@id\":\"https:\\\/\\\/foradazonadeconforto.com\\\/entrepolos\\\/igreja-de-sao-jose-em-nazare\\\/#primaryimage\"},\"image\":{\"@id\":\"https:\\\/\\\/foradazonadeconforto.com\\\/entrepolos\\\/igreja-de-sao-jose-em-nazare\\\/#primaryimage\"},\"thumbnailUrl\":\"https:\\\/\\\/foradazonadeconforto.com\\\/entrepolos\\\/wp-content\\\/uploads\\\/2021\\\/03\\\/igreja_sao_jose-14.jpg\",\"datePublished\":\"2021-03-19T10:00:00+00:00\",\"dateModified\":\"2023-02-07T20:09:39+00:00\",\"author\":{\"@id\":\"\"},\"description\":\"A Igreja de S\u00e3o Jos\u00e9 \u00e9 um dos pontos mais sagrados da Terra Santa. D\u00ea uma olhada neste artigo para ver fotos lindas e hist\u00f3ria interessante.\",\"breadcrumb\":{\"@id\":\"https:\\\/\\\/foradazonadeconforto.com\\\/entrepolos\\\/igreja-de-sao-jose-em-nazare\\\/#breadcrumb\"},\"inLanguage\":\"pt-BR\",\"potentialAction\":[{\"@type\":\"ReadAction\",\"target\":[\"https:\\\/\\\/foradazonadeconforto.com\\\/entrepolos\\\/igreja-de-sao-jose-em-nazare\\\/\"]}]},{\"@type\":\"ImageObject\",\"inLanguage\":\"pt-BR\",\"@id\":\"https:\\\/\\\/foradazonadeconforto.com\\\/entrepolos\\\/igreja-de-sao-jose-em-nazare\\\/#primaryimage\",\"url\":\"https:\\\/\\\/foradazonadeconforto.com\\\/entrepolos\\\/wp-content\\\/uploads\\\/2021\\\/03\\\/igreja_sao_jose-14.jpg\",\"contentUrl\":\"https:\\\/\\\/foradazonadeconforto.com\\\/entrepolos\\\/wp-content\\\/uploads\\\/2021\\\/03\\\/igreja_sao_jose-14.jpg\",\"width\":800,\"height\":600,\"caption\":\"decora\u00e7\u00e3o da igreja de s\u00e3o jos\u00e9\"},{\"@type\":\"BreadcrumbList\",\"@id\":\"https:\\\/\\\/foradazonadeconforto.com\\\/entrepolos\\\/igreja-de-sao-jose-em-nazare\\\/#breadcrumb\",\"itemListElement\":[{\"@type\":\"ListItem\",\"position\":1,\"name\":\"In\u00edcio\",\"item\":\"https:\\\/\\\/foradazonadeconforto.com\\\/entrepolos\\\/\"},{\"@type\":\"ListItem\",\"position\":2,\"name\":\"12 Lindas Fotos da Igreja de S\u00e3o Jos\u00e9 em Nazar\u00e9\"}]},{\"@type\":\"WebSite\",\"@id\":\"https:\\\/\\\/foradazonadeconforto.com\\\/entrepolos\\\/#website\",\"url\":\"https:\\\/\\\/foradazonadeconforto.com\\\/entrepolos\\\/\",\"name\":\"Entre Polos\",\"description\":\"Inspire-se para viajar mais.\",\"potentialAction\":[{\"@type\":\"SearchAction\",\"target\":{\"@type\":\"EntryPoint\",\"urlTemplate\":\"https:\\\/\\\/foradazonadeconforto.com\\\/entrepolos\\\/?s={search_term_string}\"},\"query-input\":{\"@type\":\"PropertyValueSpecification\",\"valueRequired\":true,\"valueName\":\"search_term_string\"}}],\"inLanguage\":\"pt-BR\"}]}<\/script>\n<!-- \/ Yoast SEO plugin. -->","yoast_head_json":{"title":"12 Lindas Fotos da Igreja de S\u00e3o Jos\u00e9 em Nazar\u00e9 - Santu\u00e1rios pelo Mundo","description":"A Igreja de S\u00e3o Jos\u00e9 \u00e9 um dos pontos mais sagrados da Terra Santa. D\u00ea uma olhada neste artigo para ver fotos lindas e hist\u00f3ria interessante.","robots":{"index":"index","follow":"follow","max-snippet":"max-snippet:-1","max-image-preview":"max-image-preview:large","max-video-preview":"max-video-preview:-1"},"canonical":"https:\/\/foradazonadeconforto.com\/entrepolos\/igreja-de-sao-jose-em-nazare\/","og_locale":"pt_BR","og_type":"article","og_title":"12 Lindas Fotos da Igreja de S\u00e3o Jos\u00e9 em Nazar\u00e9 - Santu\u00e1rios pelo Mundo","og_description":"A Igreja de S\u00e3o Jos\u00e9 \u00e9 um dos pontos mais sagrados da Terra Santa. D\u00ea uma olhada neste artigo para ver fotos lindas e hist\u00f3ria interessante.","og_url":"https:\/\/foradazonadeconforto.com\/entrepolos\/igreja-de-sao-jose-em-nazare\/","og_site_name":"Entre Polos","article_publisher":"https:\/\/www.facebook.com\/blogentrepolos\/","article_published_time":"2021-03-19T10:00:00+00:00","article_modified_time":"2023-02-07T20:09:39+00:00","og_image":[{"width":800,"height":600,"url":"https:\/\/foradazonadeconforto.com\/entrepolos\/wp-content\/uploads\/2021\/03\/igreja_sao_jose-14.jpg","type":"image\/jpeg"}],"twitter_card":"summary_large_image","twitter_creator":"@BlogEntrePolos","twitter_site":"@BlogEntrePolos","twitter_misc":{"Est. tempo de leitura":"6 minutos"},"schema":{"@context":"https:\/\/schema.org","@graph":[{"@type":"Article","@id":"https:\/\/foradazonadeconforto.com\/entrepolos\/igreja-de-sao-jose-em-nazare\/#article","isPartOf":{"@id":"https:\/\/foradazonadeconforto.com\/entrepolos\/igreja-de-sao-jose-em-nazare\/"},"author":{"name":"","@id":""},"headline":"12 Lindas Fotos da Igreja de S\u00e3o Jos\u00e9 em Nazar\u00e9","datePublished":"2021-03-19T10:00:00+00:00","dateModified":"2023-02-07T20:09:39+00:00","mainEntityOfPage":{"@id":"https:\/\/foradazonadeconforto.com\/entrepolos\/igreja-de-sao-jose-em-nazare\/"},"wordCount":585,"commentCount":0,"image":{"@id":"https:\/\/foradazonadeconforto.com\/entrepolos\/igreja-de-sao-jose-em-nazare\/#primaryimage"},"thumbnailUrl":"https:\/\/foradazonadeconforto.com\/entrepolos\/wp-content\/uploads\/2021\/03\/igreja_sao_jose-14.jpg","articleSection":["\u00c1sia","Israel","Santu\u00e1rio"],"inLanguage":"pt-BR","potentialAction":[{"@type":"CommentAction","name":"Comment","target":["https:\/\/foradazonadeconforto.com\/entrepolos\/igreja-de-sao-jose-em-nazare\/#respond"]}]},{"@type":"WebPage","@id":"https:\/\/foradazonadeconforto.com\/entrepolos\/igreja-de-sao-jose-em-nazare\/","url":"https:\/\/foradazonadeconforto.com\/entrepolos\/igreja-de-sao-jose-em-nazare\/","name":"12 Lindas Fotos da Igreja de S\u00e3o Jos\u00e9 em Nazar\u00e9 - Santu\u00e1rios pelo Mundo","isPartOf":{"@id":"https:\/\/foradazonadeconforto.com\/entrepolos\/#website"},"primaryImageOfPage":{"@id":"https:\/\/foradazonadeconforto.com\/entrepolos\/igreja-de-sao-jose-em-nazare\/#primaryimage"},"image":{"@id":"https:\/\/foradazonadeconforto.com\/entrepolos\/igreja-de-sao-jose-em-nazare\/#primaryimage"},"thumbnailUrl":"https:\/\/foradazonadeconforto.com\/entrepolos\/wp-content\/uploads\/2021\/03\/igreja_sao_jose-14.jpg","datePublished":"2021-03-19T10:00:00+00:00","dateModified":"2023-02-07T20:09:39+00:00","author":{"@id":""},"description":"A Igreja de S\u00e3o Jos\u00e9 \u00e9 um dos pontos mais sagrados da Terra Santa. D\u00ea uma olhada neste artigo para ver fotos lindas e hist\u00f3ria interessante.","breadcrumb":{"@id":"https:\/\/foradazonadeconforto.com\/entrepolos\/igreja-de-sao-jose-em-nazare\/#breadcrumb"},"inLanguage":"pt-BR","potentialAction":[{"@type":"ReadAction","target":["https:\/\/foradazonadeconforto.com\/entrepolos\/igreja-de-sao-jose-em-nazare\/"]}]},{"@type":"ImageObject","inLanguage":"pt-BR","@id":"https:\/\/foradazonadeconforto.com\/entrepolos\/igreja-de-sao-jose-em-nazare\/#primaryimage","url":"https:\/\/foradazonadeconforto.com\/entrepolos\/wp-content\/uploads\/2021\/03\/igreja_sao_jose-14.jpg","contentUrl":"https:\/\/foradazonadeconforto.com\/entrepolos\/wp-content\/uploads\/2021\/03\/igreja_sao_jose-14.jpg","width":800,"height":600,"caption":"decora\u00e7\u00e3o da igreja de s\u00e3o jos\u00e9"},{"@type":"BreadcrumbList","@id":"https:\/\/foradazonadeconforto.com\/entrepolos\/igreja-de-sao-jose-em-nazare\/#breadcrumb","itemListElement":[{"@type":"ListItem","position":1,"name":"In\u00edcio","item":"https:\/\/foradazonadeconforto.com\/entrepolos\/"},{"@type":"ListItem","position":2,"name":"12 Lindas Fotos da Igreja de S\u00e3o Jos\u00e9 em Nazar\u00e9"}]},{"@type":"WebSite","@id":"https:\/\/foradazonadeconforto.com\/entrepolos\/#website","url":"https:\/\/foradazonadeconforto.com\/entrepolos\/","name":"Entre Polos","description":"Inspire-se para viajar mais.","potentialAction":[{"@type":"SearchAction","target":{"@type":"EntryPoint","urlTemplate":"https:\/\/foradazonadeconforto.com\/entrepolos\/?s={search_term_string}"},"query-input":{"@type":"PropertyValueSpecification","valueRequired":true,"valueName":"search_term_string"}}],"inLanguage":"pt-BR"}]}},"modified_by":"Rodrigo Souza","amp_enabled":true,"builder_content":"","_links":{"self":[{"href":"https:\/\/foradazonadeconforto.com\/entrepolos\/wp-json\/wp\/v2\/posts\/10710","targetHints":{"allow":["GET"]}}],"collection":[{"href":"https:\/\/foradazonadeconforto.com\/entrepolos\/wp-json\/wp\/v2\/posts"}],"about":[{"href":"https:\/\/foradazonadeconforto.com\/entrepolos\/wp-json\/wp\/v2\/types\/post"}],"replies":[{"embeddable":true,"href":"https:\/\/foradazonadeconforto.com\/entrepolos\/wp-json\/wp\/v2\/comments?post=10710"}],"version-history":[{"count":10,"href":"https:\/\/foradazonadeconforto.com\/entrepolos\/wp-json\/wp\/v2\/posts\/10710\/revisions"}],"predecessor-version":[{"id":12730,"href":"https:\/\/foradazonadeconforto.com\/entrepolos\/wp-json\/wp\/v2\/posts\/10710\/revisions\/12730"}],"wp:featuredmedia":[{"embeddable":true,"href":"https:\/\/foradazonadeconforto.com\/entrepolos\/wp-json\/wp\/v2\/media\/10706"}],"wp:attachment":[{"href":"https:\/\/foradazonadeconforto.com\/entrepolos\/wp-json\/wp\/v2\/media?parent=10710"}],"wp:term":[{"taxonomy":"category","embeddable":true,"href":"https:\/\/foradazonadeconforto.com\/entrepolos\/wp-json\/wp\/v2\/categories?post=10710"},{"taxonomy":"post_tag","embeddable":true,"href":"https:\/\/foradazonadeconforto.com\/entrepolos\/wp-json\/wp\/v2\/tags?post=10710"}],"curies":[{"name":"wp","href":"https:\/\/api.w.org\/{rel}","templated":true}]}}