{"id":11369,"date":"2022-03-15T20:56:11","date_gmt":"2022-03-15T22:56:11","guid":{"rendered":"https:\/\/entrepolos.com.br\/?p=11369"},"modified":"2023-04-06T11:06:37","modified_gmt":"2023-04-06T14:06:37","slug":"igreja-de-santa-catarina","status":"publish","type":"post","link":"https:\/\/foradazonadeconforto.com\/entrepolos\/igreja-de-santa-catarina\/","title":{"rendered":"Tudo Sobre a Igreja de Santa Catarina em Bel\u00e9m"},"content":{"rendered":"<p class=\"has-text-align-center\"> <div class='code-block code-block-1' style='margin: 8px auto; text-align: center; display: block; clear: both;'>\n<script async src=\"\/\/pagead2.googlesyndication.com\/pagead\/js\/adsbygoogle.js\"><\/script>\n<!-- Big over the map -->\n<ins class=\"adsbygoogle\"\n     style=\"display:inline-block;width:728px;height:90px\"\n     data-ad-client=\"ca-pub-1901420619701950\"\n     data-ad-slot=\"6136327854\"><\/ins>\n<script>\n(adsbygoogle = window.adsbygoogle || []).push({});\n<\/script><\/div>\n<\/p>\n\n\n\n<p>A <strong>Igreja de Santa Catarina<\/strong> est\u00e1 localizada dentro do complexo da Igreja da Natividade <strong>em Bel\u00e9m<\/strong>. Santa Catarina \u00e9 a igreja paroquial de Bel\u00e9m e parte de um mosteiro franciscano.&nbsp;<\/p>\n\n\n\n<p>Quando voc\u00ea for \u00e0 Bel\u00e9m, na Cisjord\u00e2nia, certamente ir\u00e1 visitar a <strong>Igreja da Natividade<\/strong>. Contudo, n\u00e3o deixe de tamb\u00e9m conhecer a Igreja de Santa Catarina que est\u00e1 ao lado. No subsolo, essas duas igrejas se ligam, pois foram constru\u00eddas sobre a mesma caverna onde se acredita que <strong>Maria deu \u00e0 luz, Jesus.<\/strong><\/p>\n\n\n\n<p class=\"has-background\" style=\"background-color:#c8f7e4\"><a href=\"https:\/\/foradazonadeconforto.com\/entrepolos\/igreja-da-natividade\/\" target=\"_blank\" rel=\"noreferrer noopener\">Clique no link para ler o post sobre a Igreja da Natividade.<\/a>&nbsp;<\/p>\n\n\n\n<p>Esta igreja tamb\u00e9m \u00e9 uma das<strong> principais atra\u00e7\u00f5es<\/strong> da cidade e fica no local onde <strong>Jesus apareceu diante de Santa Catarina de Alexandria <\/strong>no s\u00e9culo IV e previu seu mart\u00edrio.&nbsp;<\/p>\n\n\n\n<p>Assim como a Igreja da Natividade, a Igreja de Santa Catarina e seu mosteiro franciscano exibem elementos de estruturas de diferentes per\u00edodos hist\u00f3ricos. E tamb\u00e9m \u00e9 reconhecida como <strong>Patrim\u00f4nio Mundial pela UNESCO.&nbsp;<\/strong><\/p>\n\n\n\n<p>A Igreja de Santa Catarina \u00e9 o local da missa da meia-noite da <strong>v\u00e9spera de Natal<\/strong> realizada anualmente no dia 24 de dezembro e transmitida ao vivo em todo o mundo para milh\u00f5es de crist\u00e3os.<\/p>\n\n\n\n<h2 class=\"wp-block-heading\">O que ver na Igreja de Santa Catarina&nbsp;<\/h2>\n\n\n\n<p>O acesso \u00e0 igreja \u00e9 por um p\u00e1tio interno (claustro) que liga as duas igrejas. No topo do telhado podemos ver uma est\u00e1tua de Santa Catarina. O projeto do claustro do arquiteto italiano Barluzzi incorpora a coluna e capit\u00e9is do mosteiro do s\u00e9culo XII. De p\u00e9 no centro do claustro est\u00e1 uma est\u00e1tua de S\u00e3o Jer\u00f4nimo.<\/p>\n\n\n<div class=\"wp-block-image\">\n<figure class=\"aligncenter size-full\"><a href=\"https:\/\/foradazonadeconforto.com\/entrepolos\/wp-content\/uploads\/2022\/03\/igreja_de_sta_catarina-11.jpg\"><img loading=\"lazy\" decoding=\"async\" width=\"800\" height=\"600\" src=\"https:\/\/foradazonadeconforto.com\/entrepolos\/wp-content\/uploads\/2022\/03\/igreja_de_sta_catarina-11.jpg\" alt=\"Claustro da Igreja de Sta Catarina\" class=\"wp-image-11371\" srcset=\"https:\/\/foradazonadeconforto.com\/entrepolos\/wp-content\/uploads\/2022\/03\/igreja_de_sta_catarina-11.jpg 800w, https:\/\/foradazonadeconforto.com\/entrepolos\/wp-content\/uploads\/2022\/03\/igreja_de_sta_catarina-11-300x225.jpg 300w, https:\/\/foradazonadeconforto.com\/entrepolos\/wp-content\/uploads\/2022\/03\/igreja_de_sta_catarina-11-768x576.jpg 768w, https:\/\/foradazonadeconforto.com\/entrepolos\/wp-content\/uploads\/2022\/03\/igreja_de_sta_catarina-11-150x113.jpg 150w\" sizes=\"auto, (max-width: 800px) 100vw, 800px\" \/><\/a><\/figure><\/div>\n\n\n<p>Na entrada da igreja, voc\u00ea pode ver belos arcos que foram incorporados ao Claustro de S\u00e3o Jer\u00f4nimo da \u00e9poca dos cruzados.&nbsp;<\/p>\n\n\n\n<p>A grande igreja tem uma nave e dois corredores com coro elevado. O deslumbrante vitral que cria um pano de fundo para o altar principal foi adicionado em 2000 e retrata o pres\u00e9pio.&nbsp;<\/p>\n\n\n<div class=\"wp-block-image\">\n<figure class=\"aligncenter size-full\"><a href=\"https:\/\/foradazonadeconforto.com\/entrepolos\/wp-content\/uploads\/2022\/03\/igreja_de_sta_catarina-20.jpg\"><img loading=\"lazy\" decoding=\"async\" width=\"773\" height=\"579\" src=\"https:\/\/foradazonadeconforto.com\/entrepolos\/wp-content\/uploads\/2022\/03\/igreja_de_sta_catarina-20.jpg\" alt=\"Igreja de Sta Catarina\" class=\"wp-image-11372\" srcset=\"https:\/\/foradazonadeconforto.com\/entrepolos\/wp-content\/uploads\/2022\/03\/igreja_de_sta_catarina-20.jpg 773w, https:\/\/foradazonadeconforto.com\/entrepolos\/wp-content\/uploads\/2022\/03\/igreja_de_sta_catarina-20-300x225.jpg 300w, https:\/\/foradazonadeconforto.com\/entrepolos\/wp-content\/uploads\/2022\/03\/igreja_de_sta_catarina-20-768x575.jpg 768w, https:\/\/foradazonadeconforto.com\/entrepolos\/wp-content\/uploads\/2022\/03\/igreja_de_sta_catarina-20-150x112.jpg 150w\" sizes=\"auto, (max-width: 773px) 100vw, 773px\" \/><\/a><\/figure><\/div>\n\n<div class=\"wp-block-image\">\n<figure class=\"aligncenter size-full\"><a href=\"https:\/\/foradazonadeconforto.com\/entrepolos\/wp-content\/uploads\/2022\/03\/igreja_de_sta_catarina-23.jpg\"><img loading=\"lazy\" decoding=\"async\" width=\"800\" height=\"600\" src=\"https:\/\/foradazonadeconforto.com\/entrepolos\/wp-content\/uploads\/2022\/03\/igreja_de_sta_catarina-23.jpg\" alt=\"vitral\" class=\"wp-image-11375\" srcset=\"https:\/\/foradazonadeconforto.com\/entrepolos\/wp-content\/uploads\/2022\/03\/igreja_de_sta_catarina-23.jpg 800w, https:\/\/foradazonadeconforto.com\/entrepolos\/wp-content\/uploads\/2022\/03\/igreja_de_sta_catarina-23-300x225.jpg 300w, https:\/\/foradazonadeconforto.com\/entrepolos\/wp-content\/uploads\/2022\/03\/igreja_de_sta_catarina-23-768x576.jpg 768w, https:\/\/foradazonadeconforto.com\/entrepolos\/wp-content\/uploads\/2022\/03\/igreja_de_sta_catarina-23-150x113.jpg 150w\" sizes=\"auto, (max-width: 800px) 100vw, 800px\" \/><\/a><\/figure><\/div>\n\n<div class=\"wp-block-image\">\n<figure class=\"aligncenter size-full\"><a href=\"https:\/\/foradazonadeconforto.com\/entrepolos\/wp-content\/uploads\/2022\/03\/igreja_de_sta_catarina-6.jpg\"><img loading=\"lazy\" decoding=\"async\" width=\"800\" height=\"600\" src=\"https:\/\/foradazonadeconforto.com\/entrepolos\/wp-content\/uploads\/2022\/03\/igreja_de_sta_catarina-6.jpg\" alt=\"interior da Igreja de Santa Catarina\" class=\"wp-image-11373\" srcset=\"https:\/\/foradazonadeconforto.com\/entrepolos\/wp-content\/uploads\/2022\/03\/igreja_de_sta_catarina-6.jpg 800w, https:\/\/foradazonadeconforto.com\/entrepolos\/wp-content\/uploads\/2022\/03\/igreja_de_sta_catarina-6-300x225.jpg 300w, https:\/\/foradazonadeconforto.com\/entrepolos\/wp-content\/uploads\/2022\/03\/igreja_de_sta_catarina-6-768x576.jpg 768w, https:\/\/foradazonadeconforto.com\/entrepolos\/wp-content\/uploads\/2022\/03\/igreja_de_sta_catarina-6-150x113.jpg 150w\" sizes=\"auto, (max-width: 800px) 100vw, 800px\" \/><\/a><\/figure><\/div>\n\n<div class=\"wp-block-image\">\n<figure class=\"aligncenter size-full\"><a href=\"https:\/\/foradazonadeconforto.com\/entrepolos\/wp-content\/uploads\/2022\/03\/igreja_de_sta_catarina-7.jpg\"><img loading=\"lazy\" decoding=\"async\" width=\"600\" height=\"800\" src=\"https:\/\/foradazonadeconforto.com\/entrepolos\/wp-content\/uploads\/2022\/03\/igreja_de_sta_catarina-7.jpg\" alt=\"Interior da Igreja de Sta Catarina\" class=\"wp-image-11374\" srcset=\"https:\/\/foradazonadeconforto.com\/entrepolos\/wp-content\/uploads\/2022\/03\/igreja_de_sta_catarina-7.jpg 600w, https:\/\/foradazonadeconforto.com\/entrepolos\/wp-content\/uploads\/2022\/03\/igreja_de_sta_catarina-7-225x300.jpg 225w, https:\/\/foradazonadeconforto.com\/entrepolos\/wp-content\/uploads\/2022\/03\/igreja_de_sta_catarina-7-150x200.jpg 150w\" sizes=\"auto, (max-width: 600px) 100vw, 600px\" \/><\/a><\/figure><\/div>\n\n<div class=\"wp-block-image\">\n<figure class=\"aligncenter size-full\"><a href=\"https:\/\/foradazonadeconforto.com\/entrepolos\/wp-content\/uploads\/2022\/03\/igreja_de_sta_catarina-21.jpg\"><img loading=\"lazy\" decoding=\"async\" width=\"800\" height=\"600\" src=\"https:\/\/foradazonadeconforto.com\/entrepolos\/wp-content\/uploads\/2022\/03\/igreja_de_sta_catarina-21.jpg\" alt=\"imagem do menino Jesus\" class=\"wp-image-11376\" srcset=\"https:\/\/foradazonadeconforto.com\/entrepolos\/wp-content\/uploads\/2022\/03\/igreja_de_sta_catarina-21.jpg 800w, https:\/\/foradazonadeconforto.com\/entrepolos\/wp-content\/uploads\/2022\/03\/igreja_de_sta_catarina-21-300x225.jpg 300w, https:\/\/foradazonadeconforto.com\/entrepolos\/wp-content\/uploads\/2022\/03\/igreja_de_sta_catarina-21-768x576.jpg 768w, https:\/\/foradazonadeconforto.com\/entrepolos\/wp-content\/uploads\/2022\/03\/igreja_de_sta_catarina-21-150x113.jpg 150w\" sizes=\"auto, (max-width: 800px) 100vw, 800px\" \/><\/a><\/figure><\/div>\n\n\n<p>O santu\u00e1rio original que outrora era apenas uma pequena parte do Mosteiro Franciscano agora faz parte do altar dedicado a Santa Catarina. H\u00e1 tamb\u00e9m um altar dedicado a Maria, onde voc\u00ea pode ver uma <strong>est\u00e1tua do s\u00e9culo XVIII de Jesus quando crian\u00e7a<\/strong>.&nbsp;<\/p>\n\n\n\n<p class=\"has-text-align-center\"><\/p>\n\n\n\n<p><\/p>\n\n\n\n<h2 class=\"wp-block-heading\">Grutas abaixo da Igreja <\/h2>\n\n\n\n<p>N\u00e3o deixe de visitar a gruta sobre a qual a igreja foi constru\u00edda. Ela \u00e9 a mesma onde est\u00e1 a <strong>Gruta da Natividade<\/strong>, apenas \u00e9 a parte mais interna. Ent\u00e3o, muitos acreditam que <strong>\u00e9 bem mais prov\u00e1vel que Jesus tenha nascido nessa parte da gruta<\/strong>, e n\u00e3o onde est\u00e1 a estrela de prata.<\/p>\n\n\n<div class=\"wp-block-image\">\n<figure class=\"aligncenter size-full\"><a href=\"https:\/\/foradazonadeconforto.com\/entrepolos\/wp-content\/uploads\/2022\/03\/igreja_de_sta_catarina-24.jpg\"><img loading=\"lazy\" decoding=\"async\" width=\"800\" height=\"600\" src=\"https:\/\/foradazonadeconforto.com\/entrepolos\/wp-content\/uploads\/2022\/03\/igreja_de_sta_catarina-24.jpg\" alt=\"escada que desce para a gruta\" class=\"wp-image-11378\" srcset=\"https:\/\/foradazonadeconforto.com\/entrepolos\/wp-content\/uploads\/2022\/03\/igreja_de_sta_catarina-24.jpg 800w, https:\/\/foradazonadeconforto.com\/entrepolos\/wp-content\/uploads\/2022\/03\/igreja_de_sta_catarina-24-300x225.jpg 300w, https:\/\/foradazonadeconforto.com\/entrepolos\/wp-content\/uploads\/2022\/03\/igreja_de_sta_catarina-24-768x576.jpg 768w, https:\/\/foradazonadeconforto.com\/entrepolos\/wp-content\/uploads\/2022\/03\/igreja_de_sta_catarina-24-150x113.jpg 150w\" sizes=\"auto, (max-width: 800px) 100vw, 800px\" \/><\/a><\/figure><\/div>\n\n<div class=\"wp-block-image\">\n<figure class=\"aligncenter size-full\"><a href=\"https:\/\/foradazonadeconforto.com\/entrepolos\/wp-content\/uploads\/2022\/03\/igreja_de_sta_catarina-4.jpg\"><img loading=\"lazy\" decoding=\"async\" width=\"599\" height=\"800\" src=\"https:\/\/foradazonadeconforto.com\/entrepolos\/wp-content\/uploads\/2022\/03\/igreja_de_sta_catarina-4.jpg\" alt=\"escada vista da  gruta\" class=\"wp-image-11377\" srcset=\"https:\/\/foradazonadeconforto.com\/entrepolos\/wp-content\/uploads\/2022\/03\/igreja_de_sta_catarina-4.jpg 599w, https:\/\/foradazonadeconforto.com\/entrepolos\/wp-content\/uploads\/2022\/03\/igreja_de_sta_catarina-4-225x300.jpg 225w, https:\/\/foradazonadeconforto.com\/entrepolos\/wp-content\/uploads\/2022\/03\/igreja_de_sta_catarina-4-150x200.jpg 150w\" sizes=\"auto, (max-width: 599px) 100vw, 599px\" \/><\/a><\/figure><\/div>\n\n\n<p>Na d\u00favida, n\u00e3o deixe de visitar os dois lados da mesma gruta. Aqui nessa igreja, <strong>n\u00e3o h\u00e1 filas para descer a escada<\/strong> que leva at\u00e9 a gruta com v\u00e1rios santu\u00e1rios e t\u00famulos antigos. Entre os sepultados nas cavernas est\u00e3o Santa Paula, sua filha Eust\u00f3quia e S\u00e3o Jer\u00f4nimo. Foi em uma dessas grutas que se acredita que <strong>S\u00e3o Jer\u00f4nimo traduziu a B\u00edblia<\/strong> (vulgata).<\/p>\n\n\n<div class=\"wp-block-image\">\n<figure class=\"aligncenter size-full\"><a href=\"https:\/\/foradazonadeconforto.com\/entrepolos\/wp-content\/uploads\/2022\/03\/igreja_de_sta_catarina-2.jpg\"><img loading=\"lazy\" decoding=\"async\" width=\"800\" height=\"599\" src=\"https:\/\/foradazonadeconforto.com\/entrepolos\/wp-content\/uploads\/2022\/03\/igreja_de_sta_catarina-2.jpg\" alt=\"gruta da igreja de Santa Catarina\" class=\"wp-image-11379\" srcset=\"https:\/\/foradazonadeconforto.com\/entrepolos\/wp-content\/uploads\/2022\/03\/igreja_de_sta_catarina-2.jpg 800w, https:\/\/foradazonadeconforto.com\/entrepolos\/wp-content\/uploads\/2022\/03\/igreja_de_sta_catarina-2-300x225.jpg 300w, https:\/\/foradazonadeconforto.com\/entrepolos\/wp-content\/uploads\/2022\/03\/igreja_de_sta_catarina-2-768x575.jpg 768w, https:\/\/foradazonadeconforto.com\/entrepolos\/wp-content\/uploads\/2022\/03\/igreja_de_sta_catarina-2-150x112.jpg 150w\" sizes=\"auto, (max-width: 800px) 100vw, 800px\" \/><\/a><\/figure><\/div>\n\n<div class=\"wp-block-image\">\n<figure class=\"aligncenter size-full\"><a href=\"https:\/\/foradazonadeconforto.com\/entrepolos\/wp-content\/uploads\/2022\/03\/igreja_de_sta_catarina-3.jpg\"><img loading=\"lazy\" decoding=\"async\" width=\"800\" height=\"599\" src=\"https:\/\/foradazonadeconforto.com\/entrepolos\/wp-content\/uploads\/2022\/03\/igreja_de_sta_catarina-3.jpg\" alt=\"gruta da igreja de Santa Catarina\" class=\"wp-image-11380\" srcset=\"https:\/\/foradazonadeconforto.com\/entrepolos\/wp-content\/uploads\/2022\/03\/igreja_de_sta_catarina-3.jpg 800w, https:\/\/foradazonadeconforto.com\/entrepolos\/wp-content\/uploads\/2022\/03\/igreja_de_sta_catarina-3-300x225.jpg 300w, https:\/\/foradazonadeconforto.com\/entrepolos\/wp-content\/uploads\/2022\/03\/igreja_de_sta_catarina-3-768x575.jpg 768w, https:\/\/foradazonadeconforto.com\/entrepolos\/wp-content\/uploads\/2022\/03\/igreja_de_sta_catarina-3-150x112.jpg 150w\" sizes=\"auto, (max-width: 800px) 100vw, 800px\" \/><\/a><\/figure><\/div>\n\n<div class=\"wp-block-image\">\n<figure class=\"aligncenter size-full\"><a href=\"https:\/\/foradazonadeconforto.com\/entrepolos\/wp-content\/uploads\/2022\/03\/igreja_de_sta_catarina-12.jpg\"><img loading=\"lazy\" decoding=\"async\" width=\"800\" height=\"600\" src=\"https:\/\/foradazonadeconforto.com\/entrepolos\/wp-content\/uploads\/2022\/03\/igreja_de_sta_catarina-12.jpg\" alt=\"gruta da igreja de Santa Catarina\" class=\"wp-image-11381\" srcset=\"https:\/\/foradazonadeconforto.com\/entrepolos\/wp-content\/uploads\/2022\/03\/igreja_de_sta_catarina-12.jpg 800w, https:\/\/foradazonadeconforto.com\/entrepolos\/wp-content\/uploads\/2022\/03\/igreja_de_sta_catarina-12-300x225.jpg 300w, https:\/\/foradazonadeconforto.com\/entrepolos\/wp-content\/uploads\/2022\/03\/igreja_de_sta_catarina-12-768x576.jpg 768w, https:\/\/foradazonadeconforto.com\/entrepolos\/wp-content\/uploads\/2022\/03\/igreja_de_sta_catarina-12-150x113.jpg 150w\" sizes=\"auto, (max-width: 800px) 100vw, 800px\" \/><\/a><\/figure><\/div>\n\n\n<p>Existe uma passagem que leva para o lado da Igreja da Natividade adjacente, mas \u00e9 mantida fechada para leigos.<\/p>\n\n\n\n<p class=\"has-background\" style=\"background-color:#cbf1e1\">Caso voc\u00ea n\u00e3o esteja viajando em uma excurs\u00e3o e queira ir at\u00e9 Bel\u00e9m, para conhecer a Igreja da Natividade e a Igreja de Santa Catarina, voc\u00ea pode reservar e comprar esse passeio antes de sair do Brasil. <a href=\"https:\/\/www.civitatis.com\/pt\/jerusalem\/excursao-belem\/?aid=5476&amp;cmp=israel\" target=\"_blank\" rel=\"noreferrer noopener\">Clique aqui para saber mais. <\/a><\/p>\n\n\n\n<h2 class=\"wp-block-heading\">Santa Catarina de Alexandria<\/h2>\n\n\n\n<p>Santa Catarina viveu no s\u00e9culo IV na <strong>cidade eg\u00edpcia de Alexandria<\/strong>. Era uma princesa e uma estudiosa que adotou o cristianismo depois de ter uma <strong>vis\u00e3o da Virgem Maria e do menino Jesus.<\/strong>&nbsp;<\/p>\n\n\n\n<p>Ela \u00e9 conhecida por ter convertido muitas pessoas ao cristianismo na tenra idade de 14 anos. Santa Catarina <strong>foi martirizada aos 18 anos<\/strong> nas m\u00e3os do imperador romano Max\u00eancio <strong>em uma \u00e9poca em que os romanos perseguiam os crist\u00e3os.<\/strong>&nbsp;<\/p>\n\n\n\n<p>Depois de seu mart\u00edrio, anjos levaram seu corpo para o <strong>Monte Sinai<\/strong>. Hoje suas rel\u00edquias s\u00e3o mantidas no <strong>Mosteiro de Santa Catarina,<\/strong> aquele que tive o prazer de conhecer na <a href=\"https:\/\/foradazonadeconforto.com\/entrepolos\/viagem-onibus-egito-a-israel\/\" target=\"_blank\" rel=\"noreferrer noopener\">viagem de \u00f4nibus que fiz entre o Egito e Israel<\/a>.<\/p>\n\n\n\n<p><strong>Santa Catarina \u00e9 venerada<\/strong> principalmente pela Igreja Ortodoxa Oriental e \u00e9 celebrada em 24 e 25 de novembro.<\/p>\n\n\n\n\n<div class=\"wp-block-image\">\n<figure class=\"aligncenter size-large is-resized\"><a href=\"https:\/\/foradazonadeconforto.com\/entrepolos\/wp-content\/uploads\/2022\/03\/pin-igreja-santa-catarina.jpg\"><img loading=\"lazy\" decoding=\"async\" src=\"https:\/\/foradazonadeconforto.com\/entrepolos\/wp-content\/uploads\/2022\/03\/pin-igreja-santa-catarina-683x1024.jpg\" alt=\"Igreja de Santa Catarina\" class=\"wp-image-11384\" width=\"342\" height=\"512\" srcset=\"https:\/\/foradazonadeconforto.com\/entrepolos\/wp-content\/uploads\/2022\/03\/pin-igreja-santa-catarina-683x1024.jpg 683w, https:\/\/foradazonadeconforto.com\/entrepolos\/wp-content\/uploads\/2022\/03\/pin-igreja-santa-catarina-200x300.jpg 200w, https:\/\/foradazonadeconforto.com\/entrepolos\/wp-content\/uploads\/2022\/03\/pin-igreja-santa-catarina-768x1152.jpg 768w, https:\/\/foradazonadeconforto.com\/entrepolos\/wp-content\/uploads\/2022\/03\/pin-igreja-santa-catarina-150x225.jpg 150w, https:\/\/foradazonadeconforto.com\/entrepolos\/wp-content\/uploads\/2022\/03\/pin-igreja-santa-catarina.jpg 1000w\" sizes=\"auto, (max-width: 342px) 100vw, 342px\" \/><\/a><\/figure><\/div>\n\n\n<div class=\"wp-block-group\"><div class=\"wp-block-group__inner-container is-layout-flow wp-block-group-is-layout-flow\">\n<p><strong>Se voc\u00ea gosta do conte\u00fado que encontra aqui, por favor, nos ajude a mant\u00ea-lo. Para isso, basta usar os nossos links na hora de fazer suas reservas para viajar.  Assim recebemos uma pequena comiss\u00e3o e voc\u00ea n\u00e3o paga nada a mais por isso.  <\/strong><\/p>\n\n\n\n<ul class=\"wp-block-list\"><li><strong>Reserve seu hotel no <a href=\"https:\/\/www.booking.com\/index.html?aid=894710\" target=\"_blank\" rel=\"noreferrer noopener nofollow\">Booking.com<\/a><\/strong><\/li><li><strong>Fa\u00e7a cota\u00e7\u00e3o para seu <a href=\"https:\/\/www.seguroviagem.srv.br\/?agency=542\" target=\"_blank\" rel=\"noreferrer noopener nofollow\">Seguro de Viagem<\/a><\/strong><\/li><li><strong>Compre passeios na <a href=\"https:\/\/www.getyourguide.com.br\/?utm_force=0&amp;partner_id=IDZA681&amp;utm_medium=online_publisher&amp;placement=other\" target=\"_blank\" rel=\"noreferrer noopener nofollow\">GetYourGuide<\/a> <\/strong><\/li><li><strong>Compre ingressos fura-fila na <a href=\"https:\/\/www.tiqets.com\/pt?partner=+foradazonadeconforto+\" target=\"_blank\" rel=\"noreferrer noopener nofollow\">Tiqets<\/a><\/strong><\/li><li><strong>Alugue um carro na <a href=\"https:\/\/www.rentcars.com\/?requestorid=371\" target=\"_blank\" rel=\"noreferrer noopener nofollow\">RentCars<\/a><\/strong><\/li><li><strong>Encontre sua passagem a\u00e9rea na <a href=\"https:\/\/www.passagenspromo.com.br\/?utm_medium=afiliado&amp;pcrid=2102&amp;utm_source=site-blog\" target=\"_blank\" rel=\"noreferrer noopener nofollow\">Passagens Promo<\/a><\/strong><\/li><li><strong>Compre um chip internacional da <a href=\"https:\/\/www.easysim4u.com\/?utm_source=entrepolos&amp;utm_campaign=campanha_entrepolos&amp;\" target=\"_blank\" rel=\"noreferrer noopener nofollow\">EasySim4U<\/a>  <\/strong><\/li><\/ul>\n\n\n\n<p><span style=\"border-top-left-radius: 2px; border-top-right-radius: 2px; border-bottom-right-radius: 2px; border-bottom-left-radius: 2px; text-indent: 20px; width: auto; padding: 0px 4px 0px 0px; text-align: center; font-style: normal; font-variant-caps: normal; font-weight: bold; font-stretch: normal; font-size: 11px; line-height: 20px; font-family: 'Helvetica Neue', Helvetica, sans-serif; color: #ffffff; background-image: url(data:image\/svg+xml; base64,phn2zyb4bwxucz0iahr0cdovl3d3dy53my5vcmcvmjawmc9zdmciighlawdodd0imzbwecigd2lkdgg9ijmwchgiihzpzxdcb3g9ii0xic0xidmxidmxij48zz48cgf0acbkpsjnmjkundq5lde0ljy2mibdmjkundq5ldiyljcymiaymi44njgsmjkumju2ide0ljc1ldi5lji1nibdni42mzismjkumju2idaumduxldiyljcymiawlja1mswxnc42njigqzaumduxldyunjaxidyunjmyldaumdy3ide0ljc1ldaumdy3iemymi44njgsmc4wnjcgmjkundq5ldyunjaxidi5ljq0oswxnc42njiiigzpbgw9iinmzmyiihn0cm9rzt0ii2zmziigc3ryb2tllxdpzhropsixij48l3bhdgg+phbhdgggzd0itte0ljczmywxljy4nibdny41mtysms42odygms42njusny40otugms42njusmtqunjyyiemxljy2nswymc4xntkgns4xmdksmjquodu0idkuotcsmjyunzq0iem5ljg1niwyns43mtggos43ntmsmjqumtqzidewljaxniwymy4wmjigqzewlji1mywymi4wmsaxms41ndgsmtyuntcyidexlju0ocwxni41nzigqzexlju0ocwxni41nzigmteumtu3lde1ljc5nsaxms4xntcsmtqunjq2iemxms4xntcsmtiuodqyideyljixmswxms40otugmtmuntiyldexljq5nsbdmtqunjm3ldexljq5nsaxns4xnzusmtiumzi2ide1lje3nswxmy4zmjmgqze1lje3nswxnc40mzygmtqundyylde2ljegmtqumdkzlde3ljy0mybdmtmunzg1lde4ljkznsaxnc43ndusmtkuotg4ide2ljayocwxos45odggqze4ljm1mswxos45odggmjaumtm2lde3lju1niaymc4xmzysmtqumdq2iemymc4xmzysmtauotm5ide3ljg4ocw4ljc2nyaxnc42nzgsoc43njcgqzewljk1osw4ljc2nya4ljc3nywxms41mzygoc43nzcsmtqumzk4iem4ljc3nywxns41mtmgos4ymswxni43mdkgos43ndksmtcumzu5iem5ljg1niwxny40odggos44nzismtcunia5ljg0lde3ljczmsbdos43ndesmtgumtqxidkuntismtkumdizidkundc3lde5ljiwmybdos40miwxos40nca5lji4ocwxos40otegos4wncwxos4znzygqzcunda4lde4ljyymia2ljm4nywxni4yntigni4zodcsmtqumzq5iem2ljm4nywxmc4yntygos4zodmsni40otcgmtuumdiyldyundk3iemxos41ntusni40otcgmjmumdc4ldkunza1idizlja3ocwxmy45otegqzizlja3ocwxoc40njmgmjaumjm5ldiylja2miaxni4yotcsmjiumdyyiemxnc45nzmsmjiumdyyidezljcyocwyms4znzkgmtmumzayldiwlju3mibdmtmumzayldiwlju3miaxmi42ndcsmjmumdugmtiundg4ldizljy1nybdmtiumtkzldi0ljc4ncaxms4zotysmjyumtk2idewljg2mywyny4wntggqzeylja4niwyny40mzqgmtmumzg2ldi3ljyznyaxnc43mzmsmjcunjm3iemyms45nswyny42mzcgmjcuodaxldixljgyocayny44mdesmtqunjyyiemyny44mdesny40otugmjeuotusms42odygmtqunzmzldeunjg2iibmawxspsijymqwodfjij48l3bhdgg+pc9npjwvc3znpg==); background-size: 14px 14px; background-color: #bd081c; position: absolute; opacity: 1; z-index: 8675309; display: none; cursor: pointer; border: none; -webkit-font-smoothing: antialiased; top: 424px; left: 82px; background-position: 3px 50%; background-repeat: no-repeat no-repeat;\">Save<\/span><span style=\"border-top-left-radius: 2px; border-top-right-radius: 2px; border-bottom-right-radius: 2px; border-bottom-left-radius: 2px; text-indent: 20px; width: auto; padding: 0px 4px 0px 0px; text-align: center; font-style: normal; font-variant-caps: normal; font-weight: bold; font-stretch: normal; font-size: 11px; line-height: 20px; font-family: 'Helvetica Neue', Helvetica, sans-serif; color: #ffffff; background-image: url(data:image\/svg+xml; base64,phn2zyb4bwxucz0iahr0cdovl3d3dy53my5vcmcvmjawmc9zdmciighlawdodd0imzbwecigd2lkdgg9ijmwchgiihzpzxdcb3g9ii0xic0xidmxidmxij48zz48cgf0acbkpsjnmjkundq5lde0ljy2mibdmjkundq5ldiyljcymiaymi44njgsmjkumju2ide0ljc1ldi5lji1nibdni42mzismjkumju2idaumduxldiyljcymiawlja1mswxnc42njigqzaumduxldyunjaxidyunjmyldaumdy3ide0ljc1ldaumdy3iemymi44njgsmc4wnjcgmjkundq5ldyunjaxidi5ljq0oswxnc42njiiigzpbgw9iinmzmyiihn0cm9rzt0ii2zmziigc3ryb2tllxdpzhropsixij48l3bhdgg+phbhdgggzd0itte0ljczmywxljy4nibdny41mtysms42odygms42njusny40otugms42njusmtqunjyyiemxljy2nswymc4xntkgns4xmdksmjquodu0idkuotcsmjyunzq0iem5ljg1niwyns43mtggos43ntmsmjqumtqzidewljaxniwymy4wmjigqzewlji1mywymi4wmsaxms41ndgsmtyuntcyidexlju0ocwxni41nzigqzexlju0ocwxni41nzigmteumtu3lde1ljc5nsaxms4xntcsmtqunjq2iemxms4xntcsmtiuodqyideyljixmswxms40otugmtmuntiyldexljq5nsbdmtqunjm3ldexljq5nsaxns4xnzusmtiumzi2ide1lje3nswxmy4zmjmgqze1lje3nswxnc40mzygmtqundyylde2ljegmtqumdkzlde3ljy0mybdmtmunzg1lde4ljkznsaxnc43ndusmtkuotg4ide2ljayocwxos45odggqze4ljm1mswxos45odggmjaumtm2lde3lju1niaymc4xmzysmtqumdq2iemymc4xmzysmtauotm5ide3ljg4ocw4ljc2nyaxnc42nzgsoc43njcgqzewljk1osw4ljc2nya4ljc3nywxms41mzygoc43nzcsmtqumzk4iem4ljc3nywxns41mtmgos4ymswxni43mdkgos43ndksmtcumzu5iem5ljg1niwxny40odggos44nzismtcunia5ljg0lde3ljczmsbdos43ndesmtgumtqxidkuntismtkumdizidkundc3lde5ljiwmybdos40miwxos40nca5lji4ocwxos40otegos4wncwxos4znzygqzcunda4lde4ljyymia2ljm4nywxni4yntigni4zodcsmtqumzq5iem2ljm4nywxmc4yntygos4zodmsni40otcgmtuumdiyldyundk3iemxos41ntusni40otcgmjmumdc4ldkunza1idizlja3ocwxmy45otegqzizlja3ocwxoc40njmgmjaumjm5ldiylja2miaxni4yotcsmjiumdyyiemxnc45nzmsmjiumdyyidezljcyocwyms4znzkgmtmumzayldiwlju3mibdmtmumzayldiwlju3miaxmi42ndcsmjmumdugmtiundg4ldizljy1nybdmtiumtkzldi0ljc4ncaxms4zotysmjyumtk2idewljg2mywyny4wntggqzeylja4niwyny40mzqgmtmumzg2ldi3ljyznyaxnc43mzmsmjcunjm3iemyms45nswyny42mzcgmjcuodaxldixljgyocayny44mdesmtqunjyyiemyny44mdesny40otugmjeuotusms42odygmtqunzmzldeunjg2iibmawxspsijymqwodfjij48l3bhdgg+pc9npjwvc3znpg==); background-size: 14px 14px; background-color: #bd081c; position: absolute; opacity: 1; z-index: 8675309; display: none; cursor: pointer; border: none; -webkit-font-smoothing: antialiased; top: 424px; left: 82px; background-position: 3px 50%; background-repeat: no-repeat no-repeat;\">Save<\/span><\/p>\n\n<!--themify_builder_content-->\n<div id=\"themify_builder_content-11369\" data-postid=\"11369\" class=\"themify_builder_content themify_builder_content-11369 themify_builder tf_clear\">\n    <\/div>\n<!--\/themify_builder_content--><\/div><\/div>\n\n\n\n<div style=\"text-align:center;\"><script>function loadScript(url, callback){var script=document.createElement('script'); script.type='text\/javascript'; if (script.readyState){script.onreadystatechange=function(){if (script.readyState=='loaded' || script.readyState=='complete'){script.onreadystatechange=null; callback();}};}else{script.onload=function(){callback();};}script.src=url; document.getElementsByTagName('head')[0].appendChild(script);}loadScript('https:\/\/cdn2.civitatis.com\/js\/vendor\/iframeResizer.min.js', function(){iFrameResize({checkOrigin:false,initCallback:function(iframe){setTimeout(function(){var resizeEvent = window.document.createEvent('UIEvents'); resizeEvent.initUIEvent('resize', true, false, window, 0); iframe.dispatchEvent(resizeEvent);});}})})<\/script><iframe class=\"civitatis-iframe\" src=\"https:\/\/www.civitatis.com\/widget-activities\/?affiliated=5476&amp;display=cosy&amp;cant=3&amp;lang=pt&amp;currency=BRL&amp;destination=102&amp;transfer=1&amp;cmp=Israel_W&amp;width=100%&amp;hideButton=0&amp;centerContent=1&amp;typeSelection=all&amp;color=f70759&amp;typography=Montserrat&amp;removeBackground=1&amp;showShadow=1&amp;roundedButtons=1\" width=\"100%\" frameborder=\"0\" data-maxwidth=\"100%\" style=\"max-width: 100%\"><\/iframe><\/div>\n\n\n\n<p><\/p>\n\n<!--themify_builder_content-->\n<div id=\"themify_builder_content-11369\" data-postid=\"11369\" class=\"themify_builder_content themify_builder_content-11369 themify_builder tf_clear\">\n    <\/div>\n<!--\/themify_builder_content-->","protected":false},"excerpt":{"rendered":"<p>A Igreja de Santa Catarina est\u00e1 localizada dentro do complexo da Igreja da Natividade em Bel\u00e9m. Santa Catarina \u00e9 a igreja paroquial de Bel\u00e9m e parte de um mosteiro franciscano.&nbsp; Quando voc\u00ea for \u00e0 Bel\u00e9m, na Cisjord\u00e2nia, certamente ir\u00e1 visitar a Igreja da Natividade. Contudo, n\u00e3o deixe de tamb\u00e9m conhecer a Igreja de Santa Catarina [&hellip;]<\/p>\n","protected":false},"author":0,"featured_media":11370,"comment_status":"open","ping_status":"open","sticky":false,"template":"","format":"standard","meta":{"om_disable_all_campaigns":false,"_lmt_disableupdate":"","_lmt_disable":"","_monsterinsights_skip_tracking":false,"_monsterinsights_sitenote_active":false,"_monsterinsights_sitenote_note":"","_monsterinsights_sitenote_category":0,"footnotes":""},"categories":[145,99,257],"tags":[90,101,251],"class_list":["post-11369","post","type-post","status-publish","format-standard","has-post-thumbnail","hentry","category-asia","category-israel","category-santuario","tag-igreja","tag-israel","tag-santuario","has-post-title","has-post-date","has-post-category","has-post-tag","has-post-comment","has-post-author",""],"yoast_head":"<!-- This site is optimized with the Yoast SEO plugin v27.4 - https:\/\/yoast.com\/product\/yoast-seo-wordpress\/ -->\n<title>Tudo Sobre a Igreja de Santa Catarina em Bel\u00e9m - Entre Polos<\/title>\n<meta name=\"description\" content=\"A Igreja de Santa Catarina est\u00e1 ao lado da Igreja da Natividade, Bel\u00e9m. Saiba o que ver, como chegar, sua hist\u00f3ria, arquitetura e mais!\" \/>\n<meta name=\"robots\" content=\"index, follow, max-snippet:-1, max-image-preview:large, max-video-preview:-1\" \/>\n<link rel=\"canonical\" href=\"https:\/\/foradazonadeconforto.com\/entrepolos\/igreja-de-santa-catarina\/\" \/>\n<meta property=\"og:locale\" content=\"pt_BR\" \/>\n<meta property=\"og:type\" content=\"article\" \/>\n<meta property=\"og:title\" content=\"Tudo Sobre a Igreja de Santa Catarina em Bel\u00e9m - Entre Polos\" \/>\n<meta property=\"og:description\" content=\"A Igreja de Santa Catarina est\u00e1 ao lado da Igreja da Natividade, Bel\u00e9m. Saiba o que ver, como chegar, sua hist\u00f3ria, arquitetura e mais!\" \/>\n<meta property=\"og:url\" content=\"https:\/\/foradazonadeconforto.com\/entrepolos\/igreja-de-santa-catarina\/\" \/>\n<meta property=\"og:site_name\" content=\"Entre Polos\" \/>\n<meta property=\"article:publisher\" content=\"https:\/\/www.facebook.com\/blogentrepolos\/\" \/>\n<meta property=\"article:published_time\" content=\"2022-03-15T22:56:11+00:00\" \/>\n<meta property=\"article:modified_time\" content=\"2023-04-06T14:06:37+00:00\" \/>\n<meta property=\"og:image\" content=\"https:\/\/foradazonadeconforto.com\/entrepolos\/wp-content\/uploads\/2022\/03\/Igreja-de-Sta-Cataria.jpg\" \/>\n\t<meta property=\"og:image:width\" content=\"800\" \/>\n\t<meta property=\"og:image:height\" content=\"600\" \/>\n\t<meta property=\"og:image:type\" content=\"image\/jpeg\" \/>\n<meta name=\"twitter:card\" content=\"summary_large_image\" \/>\n<meta name=\"twitter:creator\" content=\"@BlogEntrePolos\" \/>\n<meta name=\"twitter:site\" content=\"@BlogEntrePolos\" \/>\n<meta name=\"twitter:label1\" content=\"Est. tempo de leitura\" \/>\n\t<meta name=\"twitter:data1\" content=\"7 minutos\" \/>\n<script type=\"application\/ld+json\" class=\"yoast-schema-graph\">{\"@context\":\"https:\\\/\\\/schema.org\",\"@graph\":[{\"@type\":\"Article\",\"@id\":\"https:\\\/\\\/foradazonadeconforto.com\\\/entrepolos\\\/igreja-de-santa-catarina\\\/#article\",\"isPartOf\":{\"@id\":\"https:\\\/\\\/foradazonadeconforto.com\\\/entrepolos\\\/igreja-de-santa-catarina\\\/\"},\"author\":{\"name\":\"\",\"@id\":\"\"},\"headline\":\"Tudo Sobre a Igreja de Santa Catarina em Bel\u00e9m\",\"datePublished\":\"2022-03-15T22:56:11+00:00\",\"dateModified\":\"2023-04-06T14:06:37+00:00\",\"mainEntityOfPage\":{\"@id\":\"https:\\\/\\\/foradazonadeconforto.com\\\/entrepolos\\\/igreja-de-santa-catarina\\\/\"},\"wordCount\":735,\"commentCount\":0,\"image\":{\"@id\":\"https:\\\/\\\/foradazonadeconforto.com\\\/entrepolos\\\/igreja-de-santa-catarina\\\/#primaryimage\"},\"thumbnailUrl\":\"https:\\\/\\\/foradazonadeconforto.com\\\/entrepolos\\\/wp-content\\\/uploads\\\/2022\\\/03\\\/Igreja-de-Sta-Cataria.jpg\",\"keywords\":[\"igreja\",\"Israel\",\"Santu\u00e1rio\"],\"articleSection\":[\"\u00c1sia\",\"Israel\",\"Santu\u00e1rio\"],\"inLanguage\":\"pt-BR\",\"potentialAction\":[{\"@type\":\"CommentAction\",\"name\":\"Comment\",\"target\":[\"https:\\\/\\\/foradazonadeconforto.com\\\/entrepolos\\\/igreja-de-santa-catarina\\\/#respond\"]}]},{\"@type\":\"WebPage\",\"@id\":\"https:\\\/\\\/foradazonadeconforto.com\\\/entrepolos\\\/igreja-de-santa-catarina\\\/\",\"url\":\"https:\\\/\\\/foradazonadeconforto.com\\\/entrepolos\\\/igreja-de-santa-catarina\\\/\",\"name\":\"Tudo Sobre a Igreja de Santa Catarina em Bel\u00e9m - Entre Polos\",\"isPartOf\":{\"@id\":\"https:\\\/\\\/foradazonadeconforto.com\\\/entrepolos\\\/#website\"},\"primaryImageOfPage\":{\"@id\":\"https:\\\/\\\/foradazonadeconforto.com\\\/entrepolos\\\/igreja-de-santa-catarina\\\/#primaryimage\"},\"image\":{\"@id\":\"https:\\\/\\\/foradazonadeconforto.com\\\/entrepolos\\\/igreja-de-santa-catarina\\\/#primaryimage\"},\"thumbnailUrl\":\"https:\\\/\\\/foradazonadeconforto.com\\\/entrepolos\\\/wp-content\\\/uploads\\\/2022\\\/03\\\/Igreja-de-Sta-Cataria.jpg\",\"datePublished\":\"2022-03-15T22:56:11+00:00\",\"dateModified\":\"2023-04-06T14:06:37+00:00\",\"author\":{\"@id\":\"\"},\"description\":\"A Igreja de Santa Catarina est\u00e1 ao lado da Igreja da Natividade, Bel\u00e9m. Saiba o que ver, como chegar, sua hist\u00f3ria, arquitetura e mais!\",\"breadcrumb\":{\"@id\":\"https:\\\/\\\/foradazonadeconforto.com\\\/entrepolos\\\/igreja-de-santa-catarina\\\/#breadcrumb\"},\"inLanguage\":\"pt-BR\",\"potentialAction\":[{\"@type\":\"ReadAction\",\"target\":[\"https:\\\/\\\/foradazonadeconforto.com\\\/entrepolos\\\/igreja-de-santa-catarina\\\/\"]}]},{\"@type\":\"ImageObject\",\"inLanguage\":\"pt-BR\",\"@id\":\"https:\\\/\\\/foradazonadeconforto.com\\\/entrepolos\\\/igreja-de-santa-catarina\\\/#primaryimage\",\"url\":\"https:\\\/\\\/foradazonadeconforto.com\\\/entrepolos\\\/wp-content\\\/uploads\\\/2022\\\/03\\\/Igreja-de-Sta-Cataria.jpg\",\"contentUrl\":\"https:\\\/\\\/foradazonadeconforto.com\\\/entrepolos\\\/wp-content\\\/uploads\\\/2022\\\/03\\\/Igreja-de-Sta-Cataria.jpg\",\"width\":800,\"height\":600,\"caption\":\"Igreja de Santa Catarina\"},{\"@type\":\"BreadcrumbList\",\"@id\":\"https:\\\/\\\/foradazonadeconforto.com\\\/entrepolos\\\/igreja-de-santa-catarina\\\/#breadcrumb\",\"itemListElement\":[{\"@type\":\"ListItem\",\"position\":1,\"name\":\"In\u00edcio\",\"item\":\"https:\\\/\\\/foradazonadeconforto.com\\\/entrepolos\\\/\"},{\"@type\":\"ListItem\",\"position\":2,\"name\":\"Tudo Sobre a Igreja de Santa Catarina em Bel\u00e9m\"}]},{\"@type\":\"WebSite\",\"@id\":\"https:\\\/\\\/foradazonadeconforto.com\\\/entrepolos\\\/#website\",\"url\":\"https:\\\/\\\/foradazonadeconforto.com\\\/entrepolos\\\/\",\"name\":\"Entre Polos\",\"description\":\"Inspire-se para viajar mais.\",\"potentialAction\":[{\"@type\":\"SearchAction\",\"target\":{\"@type\":\"EntryPoint\",\"urlTemplate\":\"https:\\\/\\\/foradazonadeconforto.com\\\/entrepolos\\\/?s={search_term_string}\"},\"query-input\":{\"@type\":\"PropertyValueSpecification\",\"valueRequired\":true,\"valueName\":\"search_term_string\"}}],\"inLanguage\":\"pt-BR\"}]}<\/script>\n<!-- \/ Yoast SEO plugin. -->","yoast_head_json":{"title":"Tudo Sobre a Igreja de Santa Catarina em Bel\u00e9m - Entre Polos","description":"A Igreja de Santa Catarina est\u00e1 ao lado da Igreja da Natividade, Bel\u00e9m. Saiba o que ver, como chegar, sua hist\u00f3ria, arquitetura e mais!","robots":{"index":"index","follow":"follow","max-snippet":"max-snippet:-1","max-image-preview":"max-image-preview:large","max-video-preview":"max-video-preview:-1"},"canonical":"https:\/\/foradazonadeconforto.com\/entrepolos\/igreja-de-santa-catarina\/","og_locale":"pt_BR","og_type":"article","og_title":"Tudo Sobre a Igreja de Santa Catarina em Bel\u00e9m - Entre Polos","og_description":"A Igreja de Santa Catarina est\u00e1 ao lado da Igreja da Natividade, Bel\u00e9m. Saiba o que ver, como chegar, sua hist\u00f3ria, arquitetura e mais!","og_url":"https:\/\/foradazonadeconforto.com\/entrepolos\/igreja-de-santa-catarina\/","og_site_name":"Entre Polos","article_publisher":"https:\/\/www.facebook.com\/blogentrepolos\/","article_published_time":"2022-03-15T22:56:11+00:00","article_modified_time":"2023-04-06T14:06:37+00:00","og_image":[{"width":800,"height":600,"url":"https:\/\/foradazonadeconforto.com\/entrepolos\/wp-content\/uploads\/2022\/03\/Igreja-de-Sta-Cataria.jpg","type":"image\/jpeg"}],"twitter_card":"summary_large_image","twitter_creator":"@BlogEntrePolos","twitter_site":"@BlogEntrePolos","twitter_misc":{"Est. tempo de leitura":"7 minutos"},"schema":{"@context":"https:\/\/schema.org","@graph":[{"@type":"Article","@id":"https:\/\/foradazonadeconforto.com\/entrepolos\/igreja-de-santa-catarina\/#article","isPartOf":{"@id":"https:\/\/foradazonadeconforto.com\/entrepolos\/igreja-de-santa-catarina\/"},"author":{"name":"","@id":""},"headline":"Tudo Sobre a Igreja de Santa Catarina em Bel\u00e9m","datePublished":"2022-03-15T22:56:11+00:00","dateModified":"2023-04-06T14:06:37+00:00","mainEntityOfPage":{"@id":"https:\/\/foradazonadeconforto.com\/entrepolos\/igreja-de-santa-catarina\/"},"wordCount":735,"commentCount":0,"image":{"@id":"https:\/\/foradazonadeconforto.com\/entrepolos\/igreja-de-santa-catarina\/#primaryimage"},"thumbnailUrl":"https:\/\/foradazonadeconforto.com\/entrepolos\/wp-content\/uploads\/2022\/03\/Igreja-de-Sta-Cataria.jpg","keywords":["igreja","Israel","Santu\u00e1rio"],"articleSection":["\u00c1sia","Israel","Santu\u00e1rio"],"inLanguage":"pt-BR","potentialAction":[{"@type":"CommentAction","name":"Comment","target":["https:\/\/foradazonadeconforto.com\/entrepolos\/igreja-de-santa-catarina\/#respond"]}]},{"@type":"WebPage","@id":"https:\/\/foradazonadeconforto.com\/entrepolos\/igreja-de-santa-catarina\/","url":"https:\/\/foradazonadeconforto.com\/entrepolos\/igreja-de-santa-catarina\/","name":"Tudo Sobre a Igreja de Santa Catarina em Bel\u00e9m - Entre Polos","isPartOf":{"@id":"https:\/\/foradazonadeconforto.com\/entrepolos\/#website"},"primaryImageOfPage":{"@id":"https:\/\/foradazonadeconforto.com\/entrepolos\/igreja-de-santa-catarina\/#primaryimage"},"image":{"@id":"https:\/\/foradazonadeconforto.com\/entrepolos\/igreja-de-santa-catarina\/#primaryimage"},"thumbnailUrl":"https:\/\/foradazonadeconforto.com\/entrepolos\/wp-content\/uploads\/2022\/03\/Igreja-de-Sta-Cataria.jpg","datePublished":"2022-03-15T22:56:11+00:00","dateModified":"2023-04-06T14:06:37+00:00","author":{"@id":""},"description":"A Igreja de Santa Catarina est\u00e1 ao lado da Igreja da Natividade, Bel\u00e9m. Saiba o que ver, como chegar, sua hist\u00f3ria, arquitetura e mais!","breadcrumb":{"@id":"https:\/\/foradazonadeconforto.com\/entrepolos\/igreja-de-santa-catarina\/#breadcrumb"},"inLanguage":"pt-BR","potentialAction":[{"@type":"ReadAction","target":["https:\/\/foradazonadeconforto.com\/entrepolos\/igreja-de-santa-catarina\/"]}]},{"@type":"ImageObject","inLanguage":"pt-BR","@id":"https:\/\/foradazonadeconforto.com\/entrepolos\/igreja-de-santa-catarina\/#primaryimage","url":"https:\/\/foradazonadeconforto.com\/entrepolos\/wp-content\/uploads\/2022\/03\/Igreja-de-Sta-Cataria.jpg","contentUrl":"https:\/\/foradazonadeconforto.com\/entrepolos\/wp-content\/uploads\/2022\/03\/Igreja-de-Sta-Cataria.jpg","width":800,"height":600,"caption":"Igreja de Santa Catarina"},{"@type":"BreadcrumbList","@id":"https:\/\/foradazonadeconforto.com\/entrepolos\/igreja-de-santa-catarina\/#breadcrumb","itemListElement":[{"@type":"ListItem","position":1,"name":"In\u00edcio","item":"https:\/\/foradazonadeconforto.com\/entrepolos\/"},{"@type":"ListItem","position":2,"name":"Tudo Sobre a Igreja de Santa Catarina em Bel\u00e9m"}]},{"@type":"WebSite","@id":"https:\/\/foradazonadeconforto.com\/entrepolos\/#website","url":"https:\/\/foradazonadeconforto.com\/entrepolos\/","name":"Entre Polos","description":"Inspire-se para viajar mais.","potentialAction":[{"@type":"SearchAction","target":{"@type":"EntryPoint","urlTemplate":"https:\/\/foradazonadeconforto.com\/entrepolos\/?s={search_term_string}"},"query-input":{"@type":"PropertyValueSpecification","valueRequired":true,"valueName":"search_term_string"}}],"inLanguage":"pt-BR"}]}},"modified_by":"Rodrigo Souza","amp_enabled":true,"builder_content":"","_links":{"self":[{"href":"https:\/\/foradazonadeconforto.com\/entrepolos\/wp-json\/wp\/v2\/posts\/11369","targetHints":{"allow":["GET"]}}],"collection":[{"href":"https:\/\/foradazonadeconforto.com\/entrepolos\/wp-json\/wp\/v2\/posts"}],"about":[{"href":"https:\/\/foradazonadeconforto.com\/entrepolos\/wp-json\/wp\/v2\/types\/post"}],"replies":[{"embeddable":true,"href":"https:\/\/foradazonadeconforto.com\/entrepolos\/wp-json\/wp\/v2\/comments?post=11369"}],"version-history":[{"count":5,"href":"https:\/\/foradazonadeconforto.com\/entrepolos\/wp-json\/wp\/v2\/posts\/11369\/revisions"}],"predecessor-version":[{"id":12762,"href":"https:\/\/foradazonadeconforto.com\/entrepolos\/wp-json\/wp\/v2\/posts\/11369\/revisions\/12762"}],"wp:featuredmedia":[{"embeddable":true,"href":"https:\/\/foradazonadeconforto.com\/entrepolos\/wp-json\/wp\/v2\/media\/11370"}],"wp:attachment":[{"href":"https:\/\/foradazonadeconforto.com\/entrepolos\/wp-json\/wp\/v2\/media?parent=11369"}],"wp:term":[{"taxonomy":"category","embeddable":true,"href":"https:\/\/foradazonadeconforto.com\/entrepolos\/wp-json\/wp\/v2\/categories?post=11369"},{"taxonomy":"post_tag","embeddable":true,"href":"https:\/\/foradazonadeconforto.com\/entrepolos\/wp-json\/wp\/v2\/tags?post=11369"}],"curies":[{"name":"wp","href":"https:\/\/api.w.org\/{rel}","templated":true}]}}