{"id":6058,"date":"2017-01-23T16:54:55","date_gmt":"2017-01-23T18:54:55","guid":{"rendered":"http:\/\/entrepolos.com.br\/?p=6058"},"modified":"2023-10-02T16:45:11","modified_gmt":"2023-10-02T19:45:11","slug":"dicas-de-o-que-fazer-em-valencia-em-2-dias","status":"publish","type":"post","link":"https:\/\/foradazonadeconforto.com\/entrepolos\/dicas-de-o-que-fazer-em-valencia-em-2-dias\/","title":{"rendered":"O que Fazer em Val\u00eancia em 2 Dias"},"content":{"rendered":"<p style=\"text-align: center;\"><div class='code-block code-block-1' style='margin: 8px auto; text-align: center; display: block; clear: both;'>\n<script async src=\"\/\/pagead2.googlesyndication.com\/pagead\/js\/adsbygoogle.js\"><\/script>\n<!-- Big over the map -->\n<ins class=\"adsbygoogle\"\n     style=\"display:inline-block;width:728px;height:90px\"\n     data-ad-client=\"ca-pub-1901420619701950\"\n     data-ad-slot=\"6136327854\"><\/ins>\n<script>\n(adsbygoogle = window.adsbygoogle || []).push({});\n<\/script><\/div>\n<\/p>\n<p>O que fazer em Val\u00eancia em 2 dias? F\u00e1cil! Para organizar sua visita a Val\u00eancia, tenha em mente que a cidade tem tr\u00eas \u00e1reas principais de interesse tur\u00edstico: a <strong>cidade velha<\/strong>, o complexo de entretenimento <strong>Cidade das Artes e das Ci\u00eancias<\/strong> e suas <strong>praias e porto<\/strong>.<\/p>\n<p><strong>Val\u00eancia<\/strong> \u00e9 a terceira maior cidade da Espanha, ficando atr\u00e1s apenas de <a href=\"https:\/\/foradazonadeconforto.com\/entrepolos\/o-que-fazer-em-madri-em-poucos-dias\/\" target=\"_blank\" rel=\"noopener noreferrer\">Madri<\/a> e Barcelona. \u00c9 repleta de parques, museus, \u00f3timas praias e excelente gastronomia. Foi aqui que os \u00e1rabes introduziram o arroz na Europa e os valencianos o combinaram com legumes, mariscos e coelho e apresentaram ao mundo a <strong>paella<\/strong>.<\/p>\n<p><img loading=\"lazy\" decoding=\"async\" class=\"aligncenter size-full wp-image-6103\" src=\"https:\/\/foradazonadeconforto.com\/entrepolos\/wp-content\/uploads\/2017\/01\/O-que-fazer-em-Val\u00eancia-em-2-dias-26.jpg\" alt=\"O que fazer em Val\u00eancia em 2 dias \" width=\"600\" height=\"400\" srcset=\"https:\/\/foradazonadeconforto.com\/entrepolos\/wp-content\/uploads\/2017\/01\/O-que-fazer-em-Val\u00eancia-em-2-dias-26.jpg 600w, https:\/\/foradazonadeconforto.com\/entrepolos\/wp-content\/uploads\/2017\/01\/O-que-fazer-em-Val\u00eancia-em-2-dias-26-300x200.jpg 300w\" sizes=\"auto, (max-width: 600px) 100vw, 600px\" \/><\/p>\n<p>Val\u00eancia \u00e9<strong> uma das cidades mais antigas da Espanha<\/strong>, tendo sido fundada durante o per\u00edodo do Imp\u00e9rio Romano. Nos s\u00e9culos seguintes passou por v\u00e1rias invas\u00f5es, tendo ficado de posse dos mouros, dos crist\u00e3os, novamente dos mouros. Finalmente em 1238 durante o per\u00edodo da <strong>Reconquista<\/strong>, os mouros foram for\u00e7ados a se retirar e a cidade voltou a ser<strong> crist\u00e3<\/strong>.<\/p>\n<p>O s\u00e9culo XV foi a Idade de Ouro de Val\u00eancia, quando a maioria das edifica\u00e7\u00f5es que hoje s\u00e3o os <strong>atrativos tur\u00edsticos<\/strong> da cidade, foram constru\u00eddos.\u00a0 Nas \u00faltimas d\u00e9cadas a cidade dedicou-se a restaur\u00e1-los e a constru\u00e7\u00e3o de novos atrativos como foi o caso da Cidade das Artes e das Ci\u00eancias.<\/p>\n<p>Outro fato interessante sobre Val\u00eancia \u00e9 o fato de terem seu idioma pr\u00f3prio.\u00a0O <strong>valenciano<\/strong>, que constitui uma das principais variantes do catal\u00e3o, \u00e9 considerado l\u00edngua oficial na Comunidade de Val\u00eancia. Muitas escolas tem o valenciano como primeiro idioma, o que faz com que a maioria dos jovens sejam bilingues. Observei que todas as placas de tr\u00e2nsito e nomes de ruas est\u00e3o nesse idioma, assim como os card\u00e1pios nos restaurantes, muitas vezes s\u00e3o apresentados nos dois idiomas oficiais. (No texto usei algumas express\u00f5es em valenciano, conforme elas estavam divulgadas nos guias tur\u00edsticos.)<\/p>\n<p>\u00a0<\/p>\n<h1><span style=\"color: #003366;\">Cidade Velha<\/span><\/h1>\n<h2>Torre de Quart e Torre de Serranos<\/h2>\n<p><img loading=\"lazy\" decoding=\"async\" class=\"alignleft size-full wp-image-6071\" src=\"https:\/\/foradazonadeconforto.com\/entrepolos\/wp-content\/uploads\/2017\/01\/O-que-fazer-em-Val\u00eancia-em-2-dias-13.jpg\" alt=\"O que fazer em Val\u00eancia em 2 dias\" width=\"800\" height=\"500\" srcset=\"https:\/\/foradazonadeconforto.com\/entrepolos\/wp-content\/uploads\/2017\/01\/O-que-fazer-em-Val\u00eancia-em-2-dias-13.jpg 800w, https:\/\/foradazonadeconforto.com\/entrepolos\/wp-content\/uploads\/2017\/01\/O-que-fazer-em-Val\u00eancia-em-2-dias-13-300x188.jpg 300w, https:\/\/foradazonadeconforto.com\/entrepolos\/wp-content\/uploads\/2017\/01\/O-que-fazer-em-Val\u00eancia-em-2-dias-13-768x480.jpg 768w\" sizes=\"auto, (max-width: 800px) 100vw, 800px\" \/><\/p>\n<p>Antigo port\u00e3o do oeste e port\u00e3o principal (respectivamente) da era medieval, quando a cidade era murada.<\/p>\n<h2>Catedral (Seu)<\/h2>\n<p><img loading=\"lazy\" decoding=\"async\" class=\"alignleft size-full wp-image-6070\" src=\"https:\/\/foradazonadeconforto.com\/entrepolos\/wp-content\/uploads\/2017\/01\/O-que-fazer-em-Val\u00eancia-em-2-dias-12.jpg\" alt=\"O que fazer em Val\u00eancia em 2 dias\" width=\"800\" height=\"450\" srcset=\"https:\/\/foradazonadeconforto.com\/entrepolos\/wp-content\/uploads\/2017\/01\/O-que-fazer-em-Val\u00eancia-em-2-dias-12.jpg 800w, https:\/\/foradazonadeconforto.com\/entrepolos\/wp-content\/uploads\/2017\/01\/O-que-fazer-em-Val\u00eancia-em-2-dias-12-300x169.jpg 300w, https:\/\/foradazonadeconforto.com\/entrepolos\/wp-content\/uploads\/2017\/01\/O-que-fazer-em-Val\u00eancia-em-2-dias-12-768x432.jpg 768w\" sizes=\"auto, (max-width: 800px) 100vw, 800px\" \/><\/p>\n<p>Constru\u00edda no estilo de fortaleza entre os anos 1252 e 1482 sobre o local onde antes era uma mesquita. \u00c9 o edif\u00edcio mais antigo da cidade e desde o s\u00e9culo XV diz possuir o C\u00e1lice Sagrado.<\/p>\n<p><img loading=\"lazy\" decoding=\"async\" class=\"size-full wp-image-6072 aligncenter\" src=\"https:\/\/foradazonadeconforto.com\/entrepolos\/wp-content\/uploads\/2017\/01\/O-que-fazer-em-Val\u00eancia-em-2-dias-14.jpg\" alt=\"O que fazer em Val\u00eancia em 2 dias \" width=\"400\" height=\"533\" srcset=\"https:\/\/foradazonadeconforto.com\/entrepolos\/wp-content\/uploads\/2017\/01\/O-que-fazer-em-Val\u00eancia-em-2-dias-14.jpg 400w, https:\/\/foradazonadeconforto.com\/entrepolos\/wp-content\/uploads\/2017\/01\/O-que-fazer-em-Val\u00eancia-em-2-dias-14-225x300.jpg 225w\" sizes=\"auto, (max-width: 400px) 100vw, 400px\" \/><\/p>\n<p>A foto mostra um cartaz na entrada da catedral. O <a href=\"http:\/\/www.catedraldevalencia.es\/el-santo-caliz_historia.php\" target=\"_blank\" rel=\"noopener noreferrer\">C\u00e1lice Sagrado<\/a> seria a parte superior, pois a inferior toda adornada foi uma adi\u00e7\u00e3o feita h\u00e1 v\u00e1rios s\u00e9culos.<\/p>\n<p><img loading=\"lazy\" decoding=\"async\" class=\"aligncenter size-full wp-image-6079\" src=\"https:\/\/foradazonadeconforto.com\/entrepolos\/wp-content\/uploads\/2017\/01\/O-que-fazer-em-Val\u00eancia-em-2-dias-16.jpg\" alt=\"O que fazer em Val\u00eancia em 2 dias \" width=\"400\" height=\"533\" srcset=\"https:\/\/foradazonadeconforto.com\/entrepolos\/wp-content\/uploads\/2017\/01\/O-que-fazer-em-Val\u00eancia-em-2-dias-16.jpg 400w, https:\/\/foradazonadeconforto.com\/entrepolos\/wp-content\/uploads\/2017\/01\/O-que-fazer-em-Val\u00eancia-em-2-dias-16-225x300.jpg 225w\" sizes=\"auto, (max-width: 400px) 100vw, 400px\" \/><\/p>\n<p><img loading=\"lazy\" decoding=\"async\" class=\"size-full wp-image-6059 aligncenter\" src=\"https:\/\/foradazonadeconforto.com\/entrepolos\/wp-content\/uploads\/2017\/01\/O-que-fazer-em-Val\u00eancia-em-2-dias-1.jpg\" alt=\"O que fazer em Val\u00eancia em 2 dias\" width=\"400\" height=\"533\" srcset=\"https:\/\/foradazonadeconforto.com\/entrepolos\/wp-content\/uploads\/2017\/01\/O-que-fazer-em-Val\u00eancia-em-2-dias-1.jpg 400w, https:\/\/foradazonadeconforto.com\/entrepolos\/wp-content\/uploads\/2017\/01\/O-que-fazer-em-Val\u00eancia-em-2-dias-1-225x300.jpg 225w\" sizes=\"auto, (max-width: 400px) 100vw, 400px\" \/><\/p>\n<p>Para uma vista panor\u00e2mica da cidade voc\u00ea pode subir na torre de estilo g\u00f3tico conhecida como Miguelete.\u00a0 Anexo est\u00e1 o Museu da Catedral.<\/p>\n<p>\u00a0<\/p>\n<h2>Lonja de La Seda<\/h2>\n<p><img loading=\"lazy\" decoding=\"async\" class=\"aligncenter size-full wp-image-6064\" src=\"https:\/\/foradazonadeconforto.com\/entrepolos\/wp-content\/uploads\/2017\/01\/O-que-fazer-em-Val\u00eancia-em-2-dias-6.jpg\" alt=\"O que fazer em Val\u00eancia em 2 dias\" width=\"800\" height=\"500\" srcset=\"https:\/\/foradazonadeconforto.com\/entrepolos\/wp-content\/uploads\/2017\/01\/O-que-fazer-em-Val\u00eancia-em-2-dias-6.jpg 800w, https:\/\/foradazonadeconforto.com\/entrepolos\/wp-content\/uploads\/2017\/01\/O-que-fazer-em-Val\u00eancia-em-2-dias-6-300x188.jpg 300w, https:\/\/foradazonadeconforto.com\/entrepolos\/wp-content\/uploads\/2017\/01\/O-que-fazer-em-Val\u00eancia-em-2-dias-6-768x480.jpg 768w\" sizes=\"auto, (max-width: 800px) 100vw, 800px\" \/><\/p>\n<p>\u00a0<\/p>\n<p><img loading=\"lazy\" decoding=\"async\" class=\"aligncenter size-full wp-image-6065\" src=\"https:\/\/foradazonadeconforto.com\/entrepolos\/wp-content\/uploads\/2017\/01\/O-que-fazer-em-Val\u00eancia-em-2-dias-7.jpg\" alt=\"O que fazer em Val\u00eancia em 2 dias\" width=\"400\" height=\"533\" srcset=\"https:\/\/foradazonadeconforto.com\/entrepolos\/wp-content\/uploads\/2017\/01\/O-que-fazer-em-Val\u00eancia-em-2-dias-7.jpg 400w, https:\/\/foradazonadeconforto.com\/entrepolos\/wp-content\/uploads\/2017\/01\/O-que-fazer-em-Val\u00eancia-em-2-dias-7-225x300.jpg 225w\" sizes=\"auto, (max-width: 400px) 100vw, 400px\" \/><\/p>\n<p>Constru\u00edda entre 1482 e 1533, tamb\u00e9m no estilo fortaleza, como um local para o com\u00e9rcio da seda. Est\u00e1 na lista de <strong>patrim\u00f4nio mundial<\/strong> da UNESCO.\u00a0 O estilo arquitet\u00f4nico \u00e9 o <strong>g\u00f3tico com muitas g\u00e1rgulas<\/strong> bem interessantes. O hall principal \u00e9 repleto de colunas retorcidas, na sala de negocia\u00e7\u00f5es \u00e9 poss\u00edvel assistir um v\u00eddeo contado a hist\u00f3ria do local. Tamb\u00e9m h\u00e1 um jardim central com muitas laranjeiras e uma fonte.<\/p>\n<p><img loading=\"lazy\" decoding=\"async\" class=\"aligncenter size-full wp-image-6066\" src=\"https:\/\/foradazonadeconforto.com\/entrepolos\/wp-content\/uploads\/2017\/01\/O-que-fazer-em-Val\u00eancia-em-2-dias-8.jpg\" alt=\"O que fazer em Val\u00eancia em 2 dias\" width=\"400\" height=\"533\" srcset=\"https:\/\/foradazonadeconforto.com\/entrepolos\/wp-content\/uploads\/2017\/01\/O-que-fazer-em-Val\u00eancia-em-2-dias-8.jpg 400w, https:\/\/foradazonadeconforto.com\/entrepolos\/wp-content\/uploads\/2017\/01\/O-que-fazer-em-Val\u00eancia-em-2-dias-8-225x300.jpg 225w\" sizes=\"auto, (max-width: 400px) 100vw, 400px\" \/><\/p>\n<h2>\u00a0<\/h2>\n<h2>Mercado Central<\/h2>\n<p><img loading=\"lazy\" decoding=\"async\" class=\"aligncenter size-full wp-image-6068\" src=\"https:\/\/foradazonadeconforto.com\/entrepolos\/wp-content\/uploads\/2017\/01\/O-que-fazer-em-Val\u00eancia-em-2-dias-10.jpg\" alt=\"O que fazer em Val\u00eancia em 2 dias\" width=\"800\" height=\"500\" srcset=\"https:\/\/foradazonadeconforto.com\/entrepolos\/wp-content\/uploads\/2017\/01\/O-que-fazer-em-Val\u00eancia-em-2-dias-10.jpg 800w, https:\/\/foradazonadeconforto.com\/entrepolos\/wp-content\/uploads\/2017\/01\/O-que-fazer-em-Val\u00eancia-em-2-dias-10-300x188.jpg 300w, https:\/\/foradazonadeconforto.com\/entrepolos\/wp-content\/uploads\/2017\/01\/O-que-fazer-em-Val\u00eancia-em-2-dias-10-768x480.jpg 768w\" sizes=\"auto, (max-width: 800px) 100vw, 800px\" \/><\/p>\n<p><strong>\u00c9 um dos maiores mercados de comida<\/strong> da Espanha. Constru\u00eddo em estilo modernista, tem um teto muito lindo. L\u00e1 \u00e9 poss\u00edvel comprar p\u00e1prica e a\u00e7afr\u00e3o por um \u00f3timo pre\u00e7o. Se voc\u00ea estiver de carro, saiba que os estacionamentos pr\u00f3ximos s\u00e3o apenas para as pessoas que est\u00e3o indo realmente fazer compras no mercado. Fomos barrados em dois deles e depois orientados para qual dever\u00edamos ir.<\/p>\n<p><img loading=\"lazy\" decoding=\"async\" class=\"aligncenter size-full wp-image-6073\" src=\"https:\/\/foradazonadeconforto.com\/entrepolos\/wp-content\/uploads\/2017\/01\/O-que-fazer-em-Val\u00eancia-em-2-dias-15.jpg\" alt=\"O que fazer em Val\u00eancia em 2 dias \" width=\"800\" height=\"500\" srcset=\"https:\/\/foradazonadeconforto.com\/entrepolos\/wp-content\/uploads\/2017\/01\/O-que-fazer-em-Val\u00eancia-em-2-dias-15.jpg 800w, https:\/\/foradazonadeconforto.com\/entrepolos\/wp-content\/uploads\/2017\/01\/O-que-fazer-em-Val\u00eancia-em-2-dias-15-300x188.jpg 300w, https:\/\/foradazonadeconforto.com\/entrepolos\/wp-content\/uploads\/2017\/01\/O-que-fazer-em-Val\u00eancia-em-2-dias-15-768x480.jpg 768w\" sizes=\"auto, (max-width: 800px) 100vw, 800px\" \/><\/p>\n<h2>Plaza Redonda<\/h2>\n<p><img loading=\"lazy\" decoding=\"async\" class=\"aligncenter size-full wp-image-6074\" src=\"https:\/\/foradazonadeconforto.com\/entrepolos\/wp-content\/uploads\/2017\/01\/O-que-fazer-em-Val\u00eancia-em-2-dias-17.jpg\" alt=\"O que fazer em Val\u00eancia em 2 dias \" width=\"800\" height=\"500\" srcset=\"https:\/\/foradazonadeconforto.com\/entrepolos\/wp-content\/uploads\/2017\/01\/O-que-fazer-em-Val\u00eancia-em-2-dias-17.jpg 800w, https:\/\/foradazonadeconforto.com\/entrepolos\/wp-content\/uploads\/2017\/01\/O-que-fazer-em-Val\u00eancia-em-2-dias-17-300x188.jpg 300w, https:\/\/foradazonadeconforto.com\/entrepolos\/wp-content\/uploads\/2017\/01\/O-que-fazer-em-Val\u00eancia-em-2-dias-17-768x480.jpg 768w\" sizes=\"auto, (max-width: 800px) 100vw, 800px\" \/><\/p>\n<p>Fica bem pr\u00f3xima da Catedral. L\u00e1 \u00e9 o lugar ideal para comprar artesanato valenciano e tamb\u00e9m de outras partes da Espanha. No domingo pela manh\u00e3 transforma-se em um mercado das pulgas.<\/p>\n<h1><span style=\"color: #003366;\">Praias<\/span><\/h1>\n<p>Val\u00eancia possui quase 3km de praias, com \u00f3timas facilidades. As mais pr\u00f3ximas do centro s\u00e3o as <strong>Playa Arenas <\/strong>com areia branca e fina\u00a0e <strong>Playa Marlvarrosa<\/strong>, ambas certificadas pela organiza\u00e7\u00e3o Blue-Flag. \u00a0Em toda beira-mar est\u00e1 o <strong>Passeo Mar\u00edtimo<\/strong>, com v\u00e1rios restaurantes especializados em frutos do mar. Estivemos l\u00e1 no inverno, ent\u00e3o n\u00e3o pudemos aproveitar, mas deu pra ver que no ver\u00e3o deve ser maravilhoso.<\/p>\n<p><img loading=\"lazy\" decoding=\"async\" class=\"aligncenter wp-image-6106\" src=\"https:\/\/foradazonadeconforto.com\/entrepolos\/wp-content\/uploads\/2017\/01\/O-que-fazer-em-Val\u00eancia-em-2-dias-25.jpg\" alt=\"O que fazer em Val\u00eancia em 2 dias \" width=\"609\" height=\"456\" srcset=\"https:\/\/foradazonadeconforto.com\/entrepolos\/wp-content\/uploads\/2017\/01\/O-que-fazer-em-Val\u00eancia-em-2-dias-25.jpg 600w, https:\/\/foradazonadeconforto.com\/entrepolos\/wp-content\/uploads\/2017\/01\/O-que-fazer-em-Val\u00eancia-em-2-dias-25-300x225.jpg 300w\" sizes=\"auto, (max-width: 609px) 100vw, 609px\" \/><\/p>\n<p><img loading=\"lazy\" decoding=\"async\" class=\"aligncenter wp-image-6104\" src=\"https:\/\/foradazonadeconforto.com\/entrepolos\/wp-content\/uploads\/2017\/01\/FullSizeRender.jpg\" alt=\"O que fazer em Val\u00eancia em 2 dias \" width=\"610\" height=\"355\" srcset=\"https:\/\/foradazonadeconforto.com\/entrepolos\/wp-content\/uploads\/2017\/01\/FullSizeRender.jpg 619w, https:\/\/foradazonadeconforto.com\/entrepolos\/wp-content\/uploads\/2017\/01\/FullSizeRender-300x174.jpg 300w\" sizes=\"auto, (max-width: 610px) 100vw, 610px\" \/><\/p>\n<p>\u00a0<\/p>\n<h1><span style=\"color: #003366;\">Cidade das Artes e das Ci\u00eancias<\/span><\/h1>\n<p>O complexo foi constru\u00eddo sobre o <strong>leito seco do Rio T\u00faria<\/strong>, o qual foi totalmente canalizado depois de uma grande enchente. O projeto arquitet\u00f4nico \u00e9 obra do arquiteto e engenheiro valenciano de renome internacional Santiago Calatrava, o mesmo que projetou o Museu do Amanh\u00e3 no Rio de Janeiro. Calatrava contou com a enorme contribui\u00e7\u00e3o do arquiteto, tamb\u00e9m espanhol, F\u00e9lix Candela.<\/p>\n<p style=\"text-align: center;\"><\/p>\n<p>\u00a0<\/p>\n<p>S\u00e3o 350 mil metros quadrados distribu\u00eddos em v\u00e1rios edif\u00edcios onde <strong>a arte, a ci\u00eancia e a natureza<\/strong> se encontram para que todos possam desfrutar. Cheque hor\u00e1rios e pre\u00e7os no <a href=\"http:\/\/www.cac.es\/es\/home.html\" target=\"_blank\" rel=\"noopener noreferrer\">site oficial<\/a>.<\/p>\n<h2>Palau de Les Arts Reina Sof\u00eda<\/h2>\n<p><img loading=\"lazy\" decoding=\"async\" class=\"aligncenter size-full wp-image-6062\" src=\"https:\/\/foradazonadeconforto.com\/entrepolos\/wp-content\/uploads\/2017\/01\/O-que-fazer-em-Val\u00eancia-em-2-dias-4.jpg\" alt=\"O que fazer em Val\u00eancia em 2 dias\" width=\"800\" height=\"428\" srcset=\"https:\/\/foradazonadeconforto.com\/entrepolos\/wp-content\/uploads\/2017\/01\/O-que-fazer-em-Val\u00eancia-em-2-dias-4.jpg 800w, https:\/\/foradazonadeconforto.com\/entrepolos\/wp-content\/uploads\/2017\/01\/O-que-fazer-em-Val\u00eancia-em-2-dias-4-300x161.jpg 300w, https:\/\/foradazonadeconforto.com\/entrepolos\/wp-content\/uploads\/2017\/01\/O-que-fazer-em-Val\u00eancia-em-2-dias-4-768x411.jpg 768w\" sizes=\"auto, (max-width: 800px) 100vw, 800px\" \/><\/p>\n<p>Trata-se de um edif\u00edcio de 14 andares que hospeda a \u00d3pera de Val\u00eancia. S\u00e3o 4 salas de apresenta\u00e7\u00f5es. Foi o \u00faltimo edif\u00edcio a ser constru\u00eddo o qual finalizou o projeto em 2005.<\/p>\n<h2>Hemisf\u00e8ric<\/h2>\n<p><img loading=\"lazy\" decoding=\"async\" class=\"aligncenter size-full wp-image-6075\" src=\"https:\/\/foradazonadeconforto.com\/entrepolos\/wp-content\/uploads\/2017\/01\/O-que-fazer-em-Val\u00eancia-em-2-dias-18.jpg\" alt=\"O que fazer em Val\u00eancia em 2 dias \" width=\"800\" height=\"500\" srcset=\"https:\/\/foradazonadeconforto.com\/entrepolos\/wp-content\/uploads\/2017\/01\/O-que-fazer-em-Val\u00eancia-em-2-dias-18.jpg 800w, https:\/\/foradazonadeconforto.com\/entrepolos\/wp-content\/uploads\/2017\/01\/O-que-fazer-em-Val\u00eancia-em-2-dias-18-300x188.jpg 300w, https:\/\/foradazonadeconforto.com\/entrepolos\/wp-content\/uploads\/2017\/01\/O-que-fazer-em-Val\u00eancia-em-2-dias-18-768x480.jpg 768w\" sizes=\"auto, (max-width: 800px) 100vw, 800px\" \/><\/p>\n<p>Foi o primeiro edif\u00edcio, conclu\u00eddo em 1998, aparente ser um olho gigante. Abriga um cinema IMAX e um planet\u00e1rio.<\/p>\n<p>\u00a0<\/p>\n<h2>Museu de Les Ci\u00e8ncies Pr\u00edncipe Felipe<\/h2>\n<p><img loading=\"lazy\" decoding=\"async\" class=\"aligncenter size-full wp-image-6063\" src=\"https:\/\/foradazonadeconforto.com\/entrepolos\/wp-content\/uploads\/2017\/01\/O-que-fazer-em-Val\u00eancia-em-2-dias-5.jpg\" alt=\"O que fazer em Val\u00eancia em 2 dias\" width=\"798\" height=\"417\" srcset=\"https:\/\/foradazonadeconforto.com\/entrepolos\/wp-content\/uploads\/2017\/01\/O-que-fazer-em-Val\u00eancia-em-2-dias-5.jpg 798w, https:\/\/foradazonadeconforto.com\/entrepolos\/wp-content\/uploads\/2017\/01\/O-que-fazer-em-Val\u00eancia-em-2-dias-5-300x157.jpg 300w, https:\/\/foradazonadeconforto.com\/entrepolos\/wp-content\/uploads\/2017\/01\/O-que-fazer-em-Val\u00eancia-em-2-dias-5-768x401.jpg 768w\" sizes=\"auto, (max-width: 798px) 100vw, 798px\" \/><\/p>\n<p>Trata-se de museu interativo de ci\u00eancias e mais dedicado aos esportes. O edif\u00edcio lembra o esqueleto de uma baleia.<\/p>\n<h2>\u00c0gora<\/h2>\n<p><img loading=\"lazy\" decoding=\"async\" class=\"aligncenter size-full wp-image-6076\" src=\"https:\/\/foradazonadeconforto.com\/entrepolos\/wp-content\/uploads\/2017\/01\/O-que-fazer-em-Val\u00eancia-em-2-dias-19.jpg\" alt=\"O que fazer em Val\u00eancia em 2 dias \" width=\"800\" height=\"500\" srcset=\"https:\/\/foradazonadeconforto.com\/entrepolos\/wp-content\/uploads\/2017\/01\/O-que-fazer-em-Val\u00eancia-em-2-dias-19.jpg 800w, https:\/\/foradazonadeconforto.com\/entrepolos\/wp-content\/uploads\/2017\/01\/O-que-fazer-em-Val\u00eancia-em-2-dias-19-300x188.jpg 300w, https:\/\/foradazonadeconforto.com\/entrepolos\/wp-content\/uploads\/2017\/01\/O-que-fazer-em-Val\u00eancia-em-2-dias-19-768x480.jpg 768w\" sizes=\"auto, (max-width: 800px) 100vw, 800px\" \/><\/p>\n<p>Um espa\u00e7o multidisciplinar onde acontecem diversos eventos.<\/p>\n<h2>Oceanogr\u00e0fic<\/h2>\n<p><img loading=\"lazy\" decoding=\"async\" class=\"aligncenter size-full wp-image-6077\" src=\"https:\/\/foradazonadeconforto.com\/entrepolos\/wp-content\/uploads\/2017\/01\/O-que-fazer-em-Val\u00eancia-em-2-dias-20.jpg\" alt=\"O que fazer em Val\u00eancia em 2 dias \" width=\"800\" height=\"500\" srcset=\"https:\/\/foradazonadeconforto.com\/entrepolos\/wp-content\/uploads\/2017\/01\/O-que-fazer-em-Val\u00eancia-em-2-dias-20.jpg 800w, https:\/\/foradazonadeconforto.com\/entrepolos\/wp-content\/uploads\/2017\/01\/O-que-fazer-em-Val\u00eancia-em-2-dias-20-300x188.jpg 300w, https:\/\/foradazonadeconforto.com\/entrepolos\/wp-content\/uploads\/2017\/01\/O-que-fazer-em-Val\u00eancia-em-2-dias-20-768x480.jpg 768w\" sizes=\"auto, (max-width: 800px) 100vw, 800px\" \/><\/p>\n<p>\u00c9 o maior aqu\u00e1rio oceanogr\u00e1fico da Europa. Mostra habitats da vida submarina. As v\u00e1rias \u00e1reas s\u00e3o conectadas por passagens submersas.<\/p>\n<p>\u00a0<\/p>\n<p>Outros locais de interesse na cidade podem ser a <strong>Plaza del Toros<\/strong> e a <strong>Esta\u00e7\u00e3o de Trem<\/strong>. Acabamos n\u00e3o visitando, mas tirei uma foto enquanto pass\u00e1vamos de carro.<\/p>\n<p><img loading=\"lazy\" decoding=\"async\" class=\"aligncenter size-full wp-image-6107\" src=\"https:\/\/foradazonadeconforto.com\/entrepolos\/wp-content\/uploads\/2017\/01\/O-que-fazer-em-Val\u00eancia-em-2-dias.jpg\" alt=\"O que fazer em Val\u00eancia em 2 dias \" width=\"800\" height=\"350\" srcset=\"https:\/\/foradazonadeconforto.com\/entrepolos\/wp-content\/uploads\/2017\/01\/O-que-fazer-em-Val\u00eancia-em-2-dias.jpg 800w, https:\/\/foradazonadeconforto.com\/entrepolos\/wp-content\/uploads\/2017\/01\/O-que-fazer-em-Val\u00eancia-em-2-dias-300x131.jpg 300w, https:\/\/foradazonadeconforto.com\/entrepolos\/wp-content\/uploads\/2017\/01\/O-que-fazer-em-Val\u00eancia-em-2-dias-768x336.jpg 768w\" sizes=\"auto, (max-width: 800px) 100vw, 800px\" \/><\/p>\n<p>Enquanto estivemos em Val\u00eancia ficamos hospedados em um excelente flat. Veja aqui <a href=\"https:\/\/foradazonadeconforto.com\/entrepolos\/onde-ficar-em-valencia-hotel-perfeito\/\" target=\"_blank\" rel=\"noopener noreferrer\">onde ficar em Val\u00eancia<\/a>.<\/p>\n<p>Estamos passando uma longa temporada na Espanha, ent\u00e3o este ser\u00e1 o assunto aqui no blog por algum tempo. Espero que voc\u00ea goste e fique atento para outras postagens sobre esse pa\u00eds maravilhoso.<\/p>\n<p>Outros posts sobre a Espanha:\u00a0\u00a0<a href=\"https:\/\/foradazonadeconforto.com\/entrepolos\/pintores-espanhois\/\" target=\"_blank\" rel=\"noopener noreferrer\">Pintores Espanh\u00f3is<\/a>,\u00a0<a href=\"https:\/\/foradazonadeconforto.com\/entrepolos\/dia-de-reis-magos-na-espanha\/\" target=\"_blank\" rel=\"noopener noreferrer\">A Maior Festividade da Espanha<\/a>,\u00a0<a href=\"https:\/\/foradazonadeconforto.com\/entrepolos\/o-que-fazer-em-madri-em-poucos-dias\/\" target=\"_blank\" rel=\"noopener noreferrer\">Museus de Madri<\/a>.<\/p>\n<p>\u00a0<\/p>\n<p><img loading=\"lazy\" decoding=\"async\" class=\"aligncenter wp-image-7140\" src=\"https:\/\/foradazonadeconforto.com\/entrepolos\/wp-content\/uploads\/2017\/01\/vAL\u00caNCIA-683x1024.jpg\" alt=\"O que fazer em Val\u00eancia em 2 dias\" width=\"400\" height=\"600\" srcset=\"https:\/\/foradazonadeconforto.com\/entrepolos\/wp-content\/uploads\/2017\/01\/vAL\u00caNCIA-683x1024.jpg 683w, https:\/\/foradazonadeconforto.com\/entrepolos\/wp-content\/uploads\/2017\/01\/vAL\u00caNCIA-200x300.jpg 200w, https:\/\/foradazonadeconforto.com\/entrepolos\/wp-content\/uploads\/2017\/01\/vAL\u00caNCIA.jpg 735w\" sizes=\"auto, (max-width: 400px) 100vw, 400px\" \/><\/p>\n<p><ins class=\"bookingaff\" data-aid=\"1550083\" data-target_aid=\"894710\" data-prod=\"dfl2\" data-width=\"100%\" data-height=\"auto\" data-lang=\"pt\" data-currency=\"\" data-dest_id=\"-406131\" data-dest_type=\"city\" data-df_num_properties=\"3\"><br \/><!-- Anything inside will go away once widget is loaded. --><br \/><a href=\"\/\/www.booking.com?aid=894710\">Booking.com<\/a><\/ins><\/p>\n<!--themify_builder_content-->\n<div id=\"themify_builder_content-6058\" data-postid=\"6058\" class=\"themify_builder_content themify_builder_content-6058 themify_builder tf_clear\">\n    <\/div>\n<!--\/themify_builder_content-->","protected":false},"excerpt":{"rendered":"<p>O que fazer em Val\u00eancia em 2 dias? F\u00e1cil! Para organizar sua visita a Val\u00eancia, tenha em mente que a cidade tem tr\u00eas \u00e1reas principais de interesse tur\u00edstico: a cidade velha, o complexo de entretenimento Cidade das Artes e das Ci\u00eancias e suas praias e porto. Val\u00eancia \u00e9 a terceira maior cidade da Espanha, ficando [&hellip;]<\/p>\n","protected":false},"author":0,"featured_media":6111,"comment_status":"closed","ping_status":"open","sticky":false,"template":"","format":"standard","meta":{"om_disable_all_campaigns":false,"_lmt_disableupdate":"","_lmt_disable":"","_monsterinsights_skip_tracking":false,"_monsterinsights_sitenote_active":false,"_monsterinsights_sitenote_note":"","_monsterinsights_sitenote_category":0,"footnotes":""},"categories":[172,143],"tags":[],"class_list":["post-6058","post","type-post","status-publish","format-standard","has-post-thumbnail","hentry","category-espanha","category-europa","has-post-title","has-post-date","has-post-category","has-post-tag","has-post-comment","has-post-author",""],"yoast_head":"<!-- This site is optimized with the Yoast SEO plugin v27.4 - https:\/\/yoast.com\/product\/yoast-seo-wordpress\/ -->\n<title>O que Fazer em Val\u00eancia em 2 Dias - Entre Polos<\/title>\n<meta name=\"description\" content=\"Descubra o que fazer em Val\u00eancia, a cidade que criou a Paella, em 2 dias, como visitar parques, museus e experimentar uma rica gastronomia!\" \/>\n<meta name=\"robots\" content=\"index, follow, max-snippet:-1, max-image-preview:large, max-video-preview:-1\" \/>\n<link rel=\"canonical\" href=\"https:\/\/foradazonadeconforto.com\/entrepolos\/dicas-de-o-que-fazer-em-valencia-em-2-dias\/\" \/>\n<meta property=\"og:locale\" content=\"pt_BR\" \/>\n<meta property=\"og:type\" content=\"article\" \/>\n<meta property=\"og:title\" content=\"Val\u00eancia - Espanha\" \/>\n<meta property=\"og:description\" content=\"A cidade que criou a Paella\" \/>\n<meta property=\"og:url\" content=\"https:\/\/foradazonadeconforto.com\/entrepolos\/dicas-de-o-que-fazer-em-valencia-em-2-dias\/\" \/>\n<meta property=\"og:site_name\" content=\"Entre Polos\" \/>\n<meta property=\"article:publisher\" content=\"https:\/\/www.facebook.com\/blogentrepolos\/\" \/>\n<meta property=\"article:published_time\" content=\"2017-01-23T18:54:55+00:00\" \/>\n<meta property=\"article:modified_time\" content=\"2023-10-02T19:45:11+00:00\" \/>\n<meta property=\"og:image\" content=\"https:\/\/foradazonadeconforto.com\/entrepolos\/wp-content\/uploads\/2017\/01\/Onde-ficar-em-Val\u00eancia.jpg\" \/>\n\t<meta property=\"og:image:width\" content=\"1200\" \/>\n\t<meta property=\"og:image:height\" content=\"732\" \/>\n\t<meta property=\"og:image:type\" content=\"image\/jpeg\" \/>\n<meta name=\"twitter:card\" content=\"summary_large_image\" \/>\n<meta name=\"twitter:creator\" content=\"@BlogEntrePolos\" \/>\n<meta name=\"twitter:site\" content=\"@BlogEntrePolos\" \/>\n<meta name=\"twitter:label1\" content=\"Est. tempo de leitura\" \/>\n\t<meta name=\"twitter:data1\" content=\"10 minutos\" \/>\n<script type=\"application\/ld+json\" class=\"yoast-schema-graph\">{\"@context\":\"https:\\\/\\\/schema.org\",\"@graph\":[{\"@type\":\"Article\",\"@id\":\"https:\\\/\\\/foradazonadeconforto.com\\\/entrepolos\\\/dicas-de-o-que-fazer-em-valencia-em-2-dias\\\/#article\",\"isPartOf\":{\"@id\":\"https:\\\/\\\/foradazonadeconforto.com\\\/entrepolos\\\/dicas-de-o-que-fazer-em-valencia-em-2-dias\\\/\"},\"author\":{\"name\":\"\",\"@id\":\"\"},\"headline\":\"O que Fazer em Val\u00eancia em 2 Dias\",\"datePublished\":\"2017-01-23T18:54:55+00:00\",\"dateModified\":\"2023-10-02T19:45:11+00:00\",\"mainEntityOfPage\":{\"@id\":\"https:\\\/\\\/foradazonadeconforto.com\\\/entrepolos\\\/dicas-de-o-que-fazer-em-valencia-em-2-dias\\\/\"},\"wordCount\":1067,\"image\":{\"@id\":\"https:\\\/\\\/foradazonadeconforto.com\\\/entrepolos\\\/dicas-de-o-que-fazer-em-valencia-em-2-dias\\\/#primaryimage\"},\"thumbnailUrl\":\"https:\\\/\\\/foradazonadeconforto.com\\\/entrepolos\\\/wp-content\\\/uploads\\\/2017\\\/01\\\/Onde-ficar-em-Val\u00eancia.jpg\",\"articleSection\":[\"Espanha\",\"Europa\"],\"inLanguage\":\"pt-BR\"},{\"@type\":\"WebPage\",\"@id\":\"https:\\\/\\\/foradazonadeconforto.com\\\/entrepolos\\\/dicas-de-o-que-fazer-em-valencia-em-2-dias\\\/\",\"url\":\"https:\\\/\\\/foradazonadeconforto.com\\\/entrepolos\\\/dicas-de-o-que-fazer-em-valencia-em-2-dias\\\/\",\"name\":\"O que Fazer em Val\u00eancia em 2 Dias - Entre Polos\",\"isPartOf\":{\"@id\":\"https:\\\/\\\/foradazonadeconforto.com\\\/entrepolos\\\/#website\"},\"primaryImageOfPage\":{\"@id\":\"https:\\\/\\\/foradazonadeconforto.com\\\/entrepolos\\\/dicas-de-o-que-fazer-em-valencia-em-2-dias\\\/#primaryimage\"},\"image\":{\"@id\":\"https:\\\/\\\/foradazonadeconforto.com\\\/entrepolos\\\/dicas-de-o-que-fazer-em-valencia-em-2-dias\\\/#primaryimage\"},\"thumbnailUrl\":\"https:\\\/\\\/foradazonadeconforto.com\\\/entrepolos\\\/wp-content\\\/uploads\\\/2017\\\/01\\\/Onde-ficar-em-Val\u00eancia.jpg\",\"datePublished\":\"2017-01-23T18:54:55+00:00\",\"dateModified\":\"2023-10-02T19:45:11+00:00\",\"author\":{\"@id\":\"\"},\"description\":\"Descubra o que fazer em Val\u00eancia, a cidade que criou a Paella, em 2 dias, como visitar parques, museus e experimentar uma rica gastronomia!\",\"breadcrumb\":{\"@id\":\"https:\\\/\\\/foradazonadeconforto.com\\\/entrepolos\\\/dicas-de-o-que-fazer-em-valencia-em-2-dias\\\/#breadcrumb\"},\"inLanguage\":\"pt-BR\",\"potentialAction\":[{\"@type\":\"ReadAction\",\"target\":[\"https:\\\/\\\/foradazonadeconforto.com\\\/entrepolos\\\/dicas-de-o-que-fazer-em-valencia-em-2-dias\\\/\"]}]},{\"@type\":\"ImageObject\",\"inLanguage\":\"pt-BR\",\"@id\":\"https:\\\/\\\/foradazonadeconforto.com\\\/entrepolos\\\/dicas-de-o-que-fazer-em-valencia-em-2-dias\\\/#primaryimage\",\"url\":\"https:\\\/\\\/foradazonadeconforto.com\\\/entrepolos\\\/wp-content\\\/uploads\\\/2017\\\/01\\\/Onde-ficar-em-Val\u00eancia.jpg\",\"contentUrl\":\"https:\\\/\\\/foradazonadeconforto.com\\\/entrepolos\\\/wp-content\\\/uploads\\\/2017\\\/01\\\/Onde-ficar-em-Val\u00eancia.jpg\",\"width\":1200,\"height\":732,\"caption\":\"Onde ficar em Val\u00eancia\"},{\"@type\":\"BreadcrumbList\",\"@id\":\"https:\\\/\\\/foradazonadeconforto.com\\\/entrepolos\\\/dicas-de-o-que-fazer-em-valencia-em-2-dias\\\/#breadcrumb\",\"itemListElement\":[{\"@type\":\"ListItem\",\"position\":1,\"name\":\"In\u00edcio\",\"item\":\"https:\\\/\\\/foradazonadeconforto.com\\\/entrepolos\\\/\"},{\"@type\":\"ListItem\",\"position\":2,\"name\":\"O que Fazer em Val\u00eancia em 2 Dias\"}]},{\"@type\":\"WebSite\",\"@id\":\"https:\\\/\\\/foradazonadeconforto.com\\\/entrepolos\\\/#website\",\"url\":\"https:\\\/\\\/foradazonadeconforto.com\\\/entrepolos\\\/\",\"name\":\"Entre Polos\",\"description\":\"Inspire-se para viajar mais.\",\"potentialAction\":[{\"@type\":\"SearchAction\",\"target\":{\"@type\":\"EntryPoint\",\"urlTemplate\":\"https:\\\/\\\/foradazonadeconforto.com\\\/entrepolos\\\/?s={search_term_string}\"},\"query-input\":{\"@type\":\"PropertyValueSpecification\",\"valueRequired\":true,\"valueName\":\"search_term_string\"}}],\"inLanguage\":\"pt-BR\"}]}<\/script>\n<!-- \/ Yoast SEO plugin. -->","yoast_head_json":{"title":"O que Fazer em Val\u00eancia em 2 Dias - Entre Polos","description":"Descubra o que fazer em Val\u00eancia, a cidade que criou a Paella, em 2 dias, como visitar parques, museus e experimentar uma rica gastronomia!","robots":{"index":"index","follow":"follow","max-snippet":"max-snippet:-1","max-image-preview":"max-image-preview:large","max-video-preview":"max-video-preview:-1"},"canonical":"https:\/\/foradazonadeconforto.com\/entrepolos\/dicas-de-o-que-fazer-em-valencia-em-2-dias\/","og_locale":"pt_BR","og_type":"article","og_title":"Val\u00eancia - Espanha","og_description":"A cidade que criou a Paella","og_url":"https:\/\/foradazonadeconforto.com\/entrepolos\/dicas-de-o-que-fazer-em-valencia-em-2-dias\/","og_site_name":"Entre Polos","article_publisher":"https:\/\/www.facebook.com\/blogentrepolos\/","article_published_time":"2017-01-23T18:54:55+00:00","article_modified_time":"2023-10-02T19:45:11+00:00","og_image":[{"width":1200,"height":732,"url":"https:\/\/foradazonadeconforto.com\/entrepolos\/wp-content\/uploads\/2017\/01\/Onde-ficar-em-Val\u00eancia.jpg","type":"image\/jpeg"}],"twitter_card":"summary_large_image","twitter_creator":"@BlogEntrePolos","twitter_site":"@BlogEntrePolos","twitter_misc":{"Est. tempo de leitura":"10 minutos"},"schema":{"@context":"https:\/\/schema.org","@graph":[{"@type":"Article","@id":"https:\/\/foradazonadeconforto.com\/entrepolos\/dicas-de-o-que-fazer-em-valencia-em-2-dias\/#article","isPartOf":{"@id":"https:\/\/foradazonadeconforto.com\/entrepolos\/dicas-de-o-que-fazer-em-valencia-em-2-dias\/"},"author":{"name":"","@id":""},"headline":"O que Fazer em Val\u00eancia em 2 Dias","datePublished":"2017-01-23T18:54:55+00:00","dateModified":"2023-10-02T19:45:11+00:00","mainEntityOfPage":{"@id":"https:\/\/foradazonadeconforto.com\/entrepolos\/dicas-de-o-que-fazer-em-valencia-em-2-dias\/"},"wordCount":1067,"image":{"@id":"https:\/\/foradazonadeconforto.com\/entrepolos\/dicas-de-o-que-fazer-em-valencia-em-2-dias\/#primaryimage"},"thumbnailUrl":"https:\/\/foradazonadeconforto.com\/entrepolos\/wp-content\/uploads\/2017\/01\/Onde-ficar-em-Val\u00eancia.jpg","articleSection":["Espanha","Europa"],"inLanguage":"pt-BR"},{"@type":"WebPage","@id":"https:\/\/foradazonadeconforto.com\/entrepolos\/dicas-de-o-que-fazer-em-valencia-em-2-dias\/","url":"https:\/\/foradazonadeconforto.com\/entrepolos\/dicas-de-o-que-fazer-em-valencia-em-2-dias\/","name":"O que Fazer em Val\u00eancia em 2 Dias - Entre Polos","isPartOf":{"@id":"https:\/\/foradazonadeconforto.com\/entrepolos\/#website"},"primaryImageOfPage":{"@id":"https:\/\/foradazonadeconforto.com\/entrepolos\/dicas-de-o-que-fazer-em-valencia-em-2-dias\/#primaryimage"},"image":{"@id":"https:\/\/foradazonadeconforto.com\/entrepolos\/dicas-de-o-que-fazer-em-valencia-em-2-dias\/#primaryimage"},"thumbnailUrl":"https:\/\/foradazonadeconforto.com\/entrepolos\/wp-content\/uploads\/2017\/01\/Onde-ficar-em-Val\u00eancia.jpg","datePublished":"2017-01-23T18:54:55+00:00","dateModified":"2023-10-02T19:45:11+00:00","author":{"@id":""},"description":"Descubra o que fazer em Val\u00eancia, a cidade que criou a Paella, em 2 dias, como visitar parques, museus e experimentar uma rica gastronomia!","breadcrumb":{"@id":"https:\/\/foradazonadeconforto.com\/entrepolos\/dicas-de-o-que-fazer-em-valencia-em-2-dias\/#breadcrumb"},"inLanguage":"pt-BR","potentialAction":[{"@type":"ReadAction","target":["https:\/\/foradazonadeconforto.com\/entrepolos\/dicas-de-o-que-fazer-em-valencia-em-2-dias\/"]}]},{"@type":"ImageObject","inLanguage":"pt-BR","@id":"https:\/\/foradazonadeconforto.com\/entrepolos\/dicas-de-o-que-fazer-em-valencia-em-2-dias\/#primaryimage","url":"https:\/\/foradazonadeconforto.com\/entrepolos\/wp-content\/uploads\/2017\/01\/Onde-ficar-em-Val\u00eancia.jpg","contentUrl":"https:\/\/foradazonadeconforto.com\/entrepolos\/wp-content\/uploads\/2017\/01\/Onde-ficar-em-Val\u00eancia.jpg","width":1200,"height":732,"caption":"Onde ficar em Val\u00eancia"},{"@type":"BreadcrumbList","@id":"https:\/\/foradazonadeconforto.com\/entrepolos\/dicas-de-o-que-fazer-em-valencia-em-2-dias\/#breadcrumb","itemListElement":[{"@type":"ListItem","position":1,"name":"In\u00edcio","item":"https:\/\/foradazonadeconforto.com\/entrepolos\/"},{"@type":"ListItem","position":2,"name":"O que Fazer em Val\u00eancia em 2 Dias"}]},{"@type":"WebSite","@id":"https:\/\/foradazonadeconforto.com\/entrepolos\/#website","url":"https:\/\/foradazonadeconforto.com\/entrepolos\/","name":"Entre Polos","description":"Inspire-se para viajar mais.","potentialAction":[{"@type":"SearchAction","target":{"@type":"EntryPoint","urlTemplate":"https:\/\/foradazonadeconforto.com\/entrepolos\/?s={search_term_string}"},"query-input":{"@type":"PropertyValueSpecification","valueRequired":true,"valueName":"search_term_string"}}],"inLanguage":"pt-BR"}]}},"modified_by":"Rodrigo Souza","amp_enabled":true,"builder_content":"","_links":{"self":[{"href":"https:\/\/foradazonadeconforto.com\/entrepolos\/wp-json\/wp\/v2\/posts\/6058","targetHints":{"allow":["GET"]}}],"collection":[{"href":"https:\/\/foradazonadeconforto.com\/entrepolos\/wp-json\/wp\/v2\/posts"}],"about":[{"href":"https:\/\/foradazonadeconforto.com\/entrepolos\/wp-json\/wp\/v2\/types\/post"}],"replies":[{"embeddable":true,"href":"https:\/\/foradazonadeconforto.com\/entrepolos\/wp-json\/wp\/v2\/comments?post=6058"}],"version-history":[{"count":8,"href":"https:\/\/foradazonadeconforto.com\/entrepolos\/wp-json\/wp\/v2\/posts\/6058\/revisions"}],"predecessor-version":[{"id":12843,"href":"https:\/\/foradazonadeconforto.com\/entrepolos\/wp-json\/wp\/v2\/posts\/6058\/revisions\/12843"}],"wp:featuredmedia":[{"embeddable":true,"href":"https:\/\/foradazonadeconforto.com\/entrepolos\/wp-json\/wp\/v2\/media\/6111"}],"wp:attachment":[{"href":"https:\/\/foradazonadeconforto.com\/entrepolos\/wp-json\/wp\/v2\/media?parent=6058"}],"wp:term":[{"taxonomy":"category","embeddable":true,"href":"https:\/\/foradazonadeconforto.com\/entrepolos\/wp-json\/wp\/v2\/categories?post=6058"},{"taxonomy":"post_tag","embeddable":true,"href":"https:\/\/foradazonadeconforto.com\/entrepolos\/wp-json\/wp\/v2\/tags?post=6058"}],"curies":[{"name":"wp","href":"https:\/\/api.w.org\/{rel}","templated":true}]}}