{"id":9095,"date":"2019-08-02T20:21:47","date_gmt":"2019-08-02T22:21:47","guid":{"rendered":"https:\/\/entrepolos.com.br\/?p=9095"},"modified":"2023-03-21T17:46:20","modified_gmt":"2023-03-21T20:46:20","slug":"capela-das-aparicoes-rio-de-janeiro","status":"publish","type":"post","link":"https:\/\/foradazonadeconforto.com\/entrepolos\/capela-das-aparicoes-rio-de-janeiro\/","title":{"rendered":"Tudo Sobre a R\u00e9plica da Capela das Apari\u00e7\u00f5es da F\u00e1tima no Rio de Janeiro"},"content":{"rendered":"<p style=\"text-align: center;\"><div class='code-block code-block-1' style='margin: 8px auto; text-align: center; display: block; clear: both;'>\n<script async src=\"\/\/pagead2.googlesyndication.com\/pagead\/js\/adsbygoogle.js\"><\/script>\n<!-- Big over the map -->\n<ins class=\"adsbygoogle\"\n     style=\"display:inline-block;width:728px;height:90px\"\n     data-ad-client=\"ca-pub-1901420619701950\"\n     data-ad-slot=\"6136327854\"><\/ins>\n<script>\n(adsbygoogle = window.adsbygoogle || []).push({});\n<\/script><\/div>\n<\/p>\n<p>H\u00e1 muito tempo, quando fiz uma postagem sobre a Capela das Apari\u00e7\u00f5es em F\u00e1tima, recebi uma mensagem me dizendo que existia uma r\u00e9plica daquela capela no Rio de Janeiro.<\/p>\n<p>Desde ent\u00e3o, toda vez que vou ao Rio, fico com vontade de ir conhecer a tal r\u00e9plica. Finalmente em minha \u00faltima viagem \u00e0 cidade maravilhosa, isso foi poss\u00edvel.<\/p>\n<p>Contatei uma querida amiga carioca e falei da minha inten\u00e7\u00e3o, e, ela j\u00e1 se prontificou a ir comigo. Ent\u00e3o para mim foi muito f\u00e1cil chegar l\u00e1, pois minha amiga foi me buscar onde eu estava e fomos de carro. Mas no final do post vou colocar a melhor forma de ir at\u00e9 a Capela das Apari\u00e7\u00f5es no Recreio, para as pessoas que n\u00e3o tem a mesma sorte que eu, de ter uma amiga nas imedia\u00e7\u00f5es.<\/p>\n<p>Antes de ir, li um pouco sobre a Capela das Apari\u00e7\u00f5es do Rio de Janeiro no site da <a href=\"https:\/\/tardecommaria.com.br\/\" target=\"_blank\" rel=\"noopener noreferrer\">Associa\u00e7\u00e3o Arquidiocesana Tarde com Maria<\/a>. A hist\u00f3ria da sua exist\u00eancia come\u00e7ou, quando seu fundador foi curado de uma doen\u00e7a grave atrav\u00e9s da ora\u00e7\u00e3o do ter\u00e7o. Como forma de agradecer a gra\u00e7a recebida, ele reuniu um grupo de pessoas para rezar o ter\u00e7o em frente a Par\u00f3quia Nossa Senhora de Copacabana.<\/p>\n<p>O evento, <strong>Tarde com Maria,<\/strong> passou a se repetir em todos os anos seguintes e tamb\u00e9m acabou se propagando para outros locais da cidade. Ap\u00f3s alguns anos, virou uma associa\u00e7\u00e3o arquidiocesana que trabalha para divulgar a mensagem de <strong>Nossa Senhora de F\u00e1tima<\/strong>.<\/p>\n<blockquote>\n<p>Como express\u00e3o vis\u00edvel desse carisma, a Tarde com Maria construiu a \u00fanica r\u00e9plica no mundo da Capela das Apari\u00e7\u00f5es de Nossa Senhora de F\u00e1tima. E esta r\u00e9plica n\u00e3o se resume a uma c\u00f3pia arquitet\u00f4nica do Santu\u00e1rio de Portugal, mas tem tamb\u00e9m em sua espiritualidade a mesma miss\u00e3o dada pela M\u00e3e de Deus aos Pastorinhos, na Cova da Iria.<\/p>\n<\/blockquote>\n<h2>Porque tem uma Capela das Apari\u00e7\u00f5es no Brasil?&nbsp;<\/h2>\n<p>Quando o movimento Tarde com Maria completou 20 anos de exist\u00eancia, seu fundador em uma <a href=\"https:\/\/foradazonadeconforto.com\/entrepolos\/santuario-de-fatima-portugal\/\" target=\"_blank\" rel=\"noopener noreferrer\">visita ao Santu\u00e1rio de F\u00e1tima em Portugal<\/a>, teve a inspira\u00e7\u00e3o de construir a r\u00e9plica da <strong>Capela das Apari\u00e7\u00f5es no Rio de Janeiro<\/strong>.<\/p>\n<p>A missa inaugural foi em 28 de maio de 2011 e contou com a presen\u00e7a de milhares de fi\u00e9is. Tornando-se um <strong>local de peregrina\u00e7\u00f5es<\/strong> que recebe visitantes de todas as partes dos Brasil e do mundo.<\/p>\n<p><img loading=\"lazy\" decoding=\"async\" class=\"aligncenter size-full wp-image-9097\" src=\"https:\/\/foradazonadeconforto.com\/entrepolos\/wp-content\/uploads\/2019\/08\/Capela-das-Aparic\u0327o\u0303es1.jpg\" alt=\"Capela das Aparic\u0327o\u0303es\" width=\"800\" height=\"450\" srcset=\"https:\/\/foradazonadeconforto.com\/entrepolos\/wp-content\/uploads\/2019\/08\/Capela-das-Aparic\u0327o\u0303es1.jpg 800w, https:\/\/foradazonadeconforto.com\/entrepolos\/wp-content\/uploads\/2019\/08\/Capela-das-Aparic\u0327o\u0303es1-300x169.jpg 300w, https:\/\/foradazonadeconforto.com\/entrepolos\/wp-content\/uploads\/2019\/08\/Capela-das-Aparic\u0327o\u0303es1-768x432.jpg 768w\" sizes=\"auto, (max-width: 800px) 100vw, 800px\" \/><\/p>\n<p><img loading=\"lazy\" decoding=\"async\" class=\"aligncenter size-full wp-image-9098\" src=\"https:\/\/foradazonadeconforto.com\/entrepolos\/wp-content\/uploads\/2019\/08\/Capela-das-Aparic\u0327o\u0303es2.jpg\" alt=\"Capela das Aparic\u0327o\u0303es\" width=\"800\" height=\"450\" srcset=\"https:\/\/foradazonadeconforto.com\/entrepolos\/wp-content\/uploads\/2019\/08\/Capela-das-Aparic\u0327o\u0303es2.jpg 800w, https:\/\/foradazonadeconforto.com\/entrepolos\/wp-content\/uploads\/2019\/08\/Capela-das-Aparic\u0327o\u0303es2-300x169.jpg 300w, https:\/\/foradazonadeconforto.com\/entrepolos\/wp-content\/uploads\/2019\/08\/Capela-das-Aparic\u0327o\u0303es2-768x432.jpg 768w\" sizes=\"auto, (max-width: 800px) 100vw, 800px\" \/><\/p>\n<p><img loading=\"lazy\" decoding=\"async\" class=\"aligncenter size-full wp-image-9099\" src=\"https:\/\/foradazonadeconforto.com\/entrepolos\/wp-content\/uploads\/2019\/08\/Capela-das-Aparic\u0327o\u0303es3.jpg\" alt=\"Capela das Aparic\u0327o\u0303es\" width=\"800\" height=\"450\" srcset=\"https:\/\/foradazonadeconforto.com\/entrepolos\/wp-content\/uploads\/2019\/08\/Capela-das-Aparic\u0327o\u0303es3.jpg 800w, https:\/\/foradazonadeconforto.com\/entrepolos\/wp-content\/uploads\/2019\/08\/Capela-das-Aparic\u0327o\u0303es3-300x169.jpg 300w, https:\/\/foradazonadeconforto.com\/entrepolos\/wp-content\/uploads\/2019\/08\/Capela-das-Aparic\u0327o\u0303es3-768x432.jpg 768w\" sizes=\"auto, (max-width: 800px) 100vw, 800px\" \/><\/p>\n<p><img loading=\"lazy\" decoding=\"async\" class=\"aligncenter size-full wp-image-9100\" src=\"https:\/\/foradazonadeconforto.com\/entrepolos\/wp-content\/uploads\/2019\/08\/Capela-das-Aparic\u0327o\u0303es4.jpg\" alt=\"Capela das Aparic\u0327o\u0303es\" width=\"800\" height=\"450\" srcset=\"https:\/\/foradazonadeconforto.com\/entrepolos\/wp-content\/uploads\/2019\/08\/Capela-das-Aparic\u0327o\u0303es4.jpg 800w, https:\/\/foradazonadeconforto.com\/entrepolos\/wp-content\/uploads\/2019\/08\/Capela-das-Aparic\u0327o\u0303es4-300x169.jpg 300w, https:\/\/foradazonadeconforto.com\/entrepolos\/wp-content\/uploads\/2019\/08\/Capela-das-Aparic\u0327o\u0303es4-768x432.jpg 768w\" sizes=\"auto, (max-width: 800px) 100vw, 800px\" \/><\/p>\n<p><img loading=\"lazy\" decoding=\"async\" class=\"aligncenter size-full wp-image-9101\" src=\"https:\/\/foradazonadeconforto.com\/entrepolos\/wp-content\/uploads\/2019\/08\/Capela-das-Aparic\u0327o\u0303es6.jpg\" alt=\"Capela das Aparic\u0327o\u0303es\" width=\"400\" height=\"711\" srcset=\"https:\/\/foradazonadeconforto.com\/entrepolos\/wp-content\/uploads\/2019\/08\/Capela-das-Aparic\u0327o\u0303es6.jpg 400w, https:\/\/foradazonadeconforto.com\/entrepolos\/wp-content\/uploads\/2019\/08\/Capela-das-Aparic\u0327o\u0303es6-169x300.jpg 169w\" sizes=\"auto, (max-width: 400px) 100vw, 400px\" \/><\/p>\n<p><img loading=\"lazy\" decoding=\"async\" class=\"aligncenter size-full wp-image-9110\" src=\"https:\/\/foradazonadeconforto.com\/entrepolos\/wp-content\/uploads\/2019\/08\/Capela-das-Aparic\u0327o\u0303es15.jpg\" alt=\"\" width=\"800\" height=\"450\" srcset=\"https:\/\/foradazonadeconforto.com\/entrepolos\/wp-content\/uploads\/2019\/08\/Capela-das-Aparic\u0327o\u0303es15.jpg 800w, https:\/\/foradazonadeconforto.com\/entrepolos\/wp-content\/uploads\/2019\/08\/Capela-das-Aparic\u0327o\u0303es15-300x169.jpg 300w, https:\/\/foradazonadeconforto.com\/entrepolos\/wp-content\/uploads\/2019\/08\/Capela-das-Aparic\u0327o\u0303es15-768x432.jpg 768w\" sizes=\"auto, (max-width: 800px) 100vw, 800px\" \/><\/p>\n<h2>Loja de lembran\u00e7as da Capela<\/h2>\n<p>O local conta com uma \u00f3tima loja que oferece produtos religiosos nacionais e vindos de Portugal. Reparei em v\u00e1rios produtos que vi em F\u00e1tima sendo comercializados ali tamb\u00e9m.<\/p>\n<p>Voc\u00ea pode fazer a compra pela internet <a href=\"https:\/\/tardecommaria.com.br\/index.php\/loja\/vitrine\/\" target=\"_blank\" rel=\"noopener noreferrer\">clicando aqui<\/a>.<\/p>\n<h2><img loading=\"lazy\" decoding=\"async\" class=\"aligncenter size-full wp-image-9103\" src=\"https:\/\/foradazonadeconforto.com\/entrepolos\/wp-content\/uploads\/2019\/08\/Capela-das-Aparic\u0327o\u0303es12.jpg\" alt=\"Loja da Capela das Aparic\u0327o\u0303es\" width=\"800\" height=\"450\" srcset=\"https:\/\/foradazonadeconforto.com\/entrepolos\/wp-content\/uploads\/2019\/08\/Capela-das-Aparic\u0327o\u0303es12.jpg 800w, https:\/\/foradazonadeconforto.com\/entrepolos\/wp-content\/uploads\/2019\/08\/Capela-das-Aparic\u0327o\u0303es12-300x169.jpg 300w, https:\/\/foradazonadeconforto.com\/entrepolos\/wp-content\/uploads\/2019\/08\/Capela-das-Aparic\u0327o\u0303es12-768x432.jpg 768w\" sizes=\"auto, (max-width: 800px) 100vw, 800px\" \/><\/h2>\n<h2><img loading=\"lazy\" decoding=\"async\" class=\"aligncenter size-full wp-image-9102\" src=\"https:\/\/foradazonadeconforto.com\/entrepolos\/wp-content\/uploads\/2019\/08\/Capela-das-Aparic\u0327o\u0303es13.jpg\" alt=\"Capela das Aparic\u0327o\u0303es\" width=\"800\" height=\"450\" srcset=\"https:\/\/foradazonadeconforto.com\/entrepolos\/wp-content\/uploads\/2019\/08\/Capela-das-Aparic\u0327o\u0303es13.jpg 800w, https:\/\/foradazonadeconforto.com\/entrepolos\/wp-content\/uploads\/2019\/08\/Capela-das-Aparic\u0327o\u0303es13-300x169.jpg 300w, https:\/\/foradazonadeconforto.com\/entrepolos\/wp-content\/uploads\/2019\/08\/Capela-das-Aparic\u0327o\u0303es13-768x432.jpg 768w\" sizes=\"auto, (max-width: 800px) 100vw, 800px\" \/><\/h2>\n<h2><img loading=\"lazy\" decoding=\"async\" class=\"aligncenter size-full wp-image-9109\" src=\"https:\/\/foradazonadeconforto.com\/entrepolos\/wp-content\/uploads\/2019\/08\/Capela-das-Aparic\u0327o\u0303es14.jpg\" alt=\"\" width=\"400\" height=\"649\" srcset=\"https:\/\/foradazonadeconforto.com\/entrepolos\/wp-content\/uploads\/2019\/08\/Capela-das-Aparic\u0327o\u0303es14.jpg 400w, https:\/\/foradazonadeconforto.com\/entrepolos\/wp-content\/uploads\/2019\/08\/Capela-das-Aparic\u0327o\u0303es14-185x300.jpg 185w\" sizes=\"auto, (max-width: 400px) 100vw, 400px\" \/><br>Nome no muro do Santu\u00e1rio<\/h2>\n<p>Caso voc\u00ea queira ajudar a manter o <strong>Santu\u00e1rio de F\u00e1tima no Brasil<\/strong>, assim como as outras obras de evangeliza\u00e7\u00e3o que eles promovem, pode fazer uma doa\u00e7\u00e3o e ter seu nome gravado no muro. Al\u00e9m disso ter\u00e1 seu nome inclu\u00eddo na inten\u00e7\u00e3o de 200 missas celebradas especialmente pelos benfeitores.<\/p>\n<p><img loading=\"lazy\" decoding=\"async\" class=\"aligncenter size-full wp-image-9104\" src=\"https:\/\/foradazonadeconforto.com\/entrepolos\/wp-content\/uploads\/2019\/08\/Capela-das-Aparic\u0327o\u0303es7.jpg\" alt=\"Muro Santu\u00e1rio de F\u00e1tima Rio\" width=\"800\" height=\"450\" srcset=\"https:\/\/foradazonadeconforto.com\/entrepolos\/wp-content\/uploads\/2019\/08\/Capela-das-Aparic\u0327o\u0303es7.jpg 800w, https:\/\/foradazonadeconforto.com\/entrepolos\/wp-content\/uploads\/2019\/08\/Capela-das-Aparic\u0327o\u0303es7-300x169.jpg 300w, https:\/\/foradazonadeconforto.com\/entrepolos\/wp-content\/uploads\/2019\/08\/Capela-das-Aparic\u0327o\u0303es7-768x432.jpg 768w\" sizes=\"auto, (max-width: 800px) 100vw, 800px\" \/><\/p>\n<h2>Memorial da Esperan\u00e7a<\/h2>\n<p>No santu\u00e1rio existe tamb\u00e9m um memorial que est\u00e1 localizado no subterr\u00e2neo ao lado de uma linda capela. O memorial \u00e9 composto por nichos individuais perp\u00e9tuos para urnas com ossos ou cinzas daqueles que j\u00e1 partiram.<br>No site \u00e9 poss\u00edvel saber mais como adquirir o direito de uso de um nicho no memorial.<\/p>\n<p><img loading=\"lazy\" decoding=\"async\" class=\"aligncenter size-full wp-image-9106\" src=\"https:\/\/foradazonadeconforto.com\/entrepolos\/wp-content\/uploads\/2019\/08\/Capela-das-Aparic\u0327o\u0303es18.jpg\" alt=\"\" width=\"400\" height=\"533\" srcset=\"https:\/\/foradazonadeconforto.com\/entrepolos\/wp-content\/uploads\/2019\/08\/Capela-das-Aparic\u0327o\u0303es18.jpg 400w, https:\/\/foradazonadeconforto.com\/entrepolos\/wp-content\/uploads\/2019\/08\/Capela-das-Aparic\u0327o\u0303es18-225x300.jpg 225w\" sizes=\"auto, (max-width: 400px) 100vw, 400px\" \/><\/p>\n<p><img loading=\"lazy\" decoding=\"async\" class=\"aligncenter size-full wp-image-9105\" src=\"https:\/\/foradazonadeconforto.com\/entrepolos\/wp-content\/uploads\/2019\/08\/Capela-das-Aparic\u0327o\u0303es8.jpg\" alt=\"\" width=\"800\" height=\"450\" srcset=\"https:\/\/foradazonadeconforto.com\/entrepolos\/wp-content\/uploads\/2019\/08\/Capela-das-Aparic\u0327o\u0303es8.jpg 800w, https:\/\/foradazonadeconforto.com\/entrepolos\/wp-content\/uploads\/2019\/08\/Capela-das-Aparic\u0327o\u0303es8-300x169.jpg 300w, https:\/\/foradazonadeconforto.com\/entrepolos\/wp-content\/uploads\/2019\/08\/Capela-das-Aparic\u0327o\u0303es8-768x432.jpg 768w\" sizes=\"auto, (max-width: 800px) 100vw, 800px\" \/><\/p>\n<p><\/p>\n<p>[ppromo_passagens origin=&#8221;SAO&#8221; destination=&#8221;RIO&#8221; limit=&#8221;3&#8243; header_text=&#8221;Veja os melhores pre\u00e7os de passagens para o Rio&#8221; tags=&#8221;post capela rio&#8221; show_logo=&#8221;true&#8221; \/]<\/p>\n<h2>Como voc\u00ea pode visitar a Capela das Apari\u00e7\u00f5es no Rio de Janeiro com transporte p\u00fablico<\/h2>\n<p>O Santu\u00e1rio de F\u00e1tima com sua Capela das Apari\u00e7\u00f5es no Brasil fica localizado no seguinte endere\u00e7o:<\/p>\n<p>Av. Alfredo Balthazar da Silveira, 900<br>Bairro Recreio dos Bandeirantes<br>Rio de Janeiro, RJ<br>Tel. (21) 3114-0000<\/p>\n<p>Se voc\u00ea precisar ir \u00e0 Capela das Apari\u00e7\u00f5es com transporte p\u00fablico, veja como chegar de onde voc\u00ea estiver, ao <strong>Terminal Alvorada<\/strong> na Barra da Tijuca, e de l\u00e1 pegar um \u00f4nibus BRT at\u00e9 a esta\u00e7\u00e3o <strong>Gelson Fonseca<\/strong> e ainda andar uns 10 minutos at\u00e9 o santu\u00e1rio.<\/p>\n<p style=\"text-align: center;\"><\/p>\n<p><\/p>\n<h2>Qual \u00e9 o hor\u00e1rio das missas na Capela das Apari\u00e7\u00f5es no Rio de Janeiro?&nbsp;<\/h2>\n<p>A Capela das Apari\u00e7\u00f5es tem missas segunda \u00e0 sexta as 10h, 15h e 18h.<\/p>\n<p>S\u00e1bado &#8211; 10:30h, 16:00h e 19:00h<\/p>\n<p>Domingo &#8211; 08h, 10h, 16h e 19h<\/p>\n<p>Enfim, achei incr\u00edvel a semelhan\u00e7a com a <strong>Capela das Apari\u00e7\u00f5es de F\u00e1tima<\/strong> e reconheci mesmo como um lindo santu\u00e1rio que merece ser visitado. Fiquei muito feliz, por finalmente ter conhecido.<\/p>\n<p><img loading=\"lazy\" decoding=\"async\" class=\"aligncenter size-full wp-image-9107\" src=\"https:\/\/foradazonadeconforto.com\/entrepolos\/wp-content\/uploads\/2019\/08\/Capela-das-Aparic\u0327o\u0303es16.jpg\" alt=\"\" width=\"800\" height=\"532\" srcset=\"https:\/\/foradazonadeconforto.com\/entrepolos\/wp-content\/uploads\/2019\/08\/Capela-das-Aparic\u0327o\u0303es16.jpg 800w, https:\/\/foradazonadeconforto.com\/entrepolos\/wp-content\/uploads\/2019\/08\/Capela-das-Aparic\u0327o\u0303es16-300x200.jpg 300w, https:\/\/foradazonadeconforto.com\/entrepolos\/wp-content\/uploads\/2019\/08\/Capela-das-Aparic\u0327o\u0303es16-768x511.jpg 768w\" sizes=\"auto, (max-width: 800px) 100vw, 800px\" \/><\/p>\n<p>Talvez voc\u00ea tamb\u00e9m se interesse em ler outros artigos:<\/p>\n<p><a href=\"https:\/\/foradazonadeconforto.com\/entrepolos\/santuario-de-fatima-portugal\/\" target=\"_blank\" rel=\"noopener noreferrer\">Santu\u00e1rio de F\u00e1tima em Portugal<\/a><\/p>\n<p><a href=\"https:\/\/foradazonadeconforto.com\/entrepolos\/igreja-da-candelaria\/\" target=\"_blank\" rel=\"noopener noreferrer\">Igreja da Candel\u00e1ria no Rio de Janeiro<\/a><\/p>\n<p><a href=\"https:\/\/foradazonadeconforto.com\/entrepolos\/igreja-de-nossa-senhora-do-rosario-e-sao-benedito-dos-homens-pretos-rio-de-janeiro\/\">Igreja de Nossa Senhora do Ros\u00e1rio e S\u00e3o Benedito no Rio<\/a><\/p>\n<p><\/p>\n<p>Imagem para salvar no Pinterest \u2935<\/p>\n<p><img loading=\"lazy\" decoding=\"async\" class=\"aligncenter  wp-image-9113\" src=\"https:\/\/foradazonadeconforto.com\/entrepolos\/wp-content\/uploads\/2019\/08\/Capela-das-Aparic\u0327o\u0303es-683x1024.jpg\" alt=\"\" width=\"400\" height=\"600\" srcset=\"https:\/\/foradazonadeconforto.com\/entrepolos\/wp-content\/uploads\/2019\/08\/Capela-das-Aparic\u0327o\u0303es-683x1024.jpg 683w, https:\/\/foradazonadeconforto.com\/entrepolos\/wp-content\/uploads\/2019\/08\/Capela-das-Aparic\u0327o\u0303es-200x300.jpg 200w, https:\/\/foradazonadeconforto.com\/entrepolos\/wp-content\/uploads\/2019\/08\/Capela-das-Aparic\u0327o\u0303es.jpg 735w\" sizes=\"auto, (max-width: 400px) 100vw, 400px\" \/><\/p>\n<p><\/p>\n\n\n<div class=\"wp-block-group\"><div class=\"wp-block-group__inner-container is-layout-flow wp-block-group-is-layout-flow\">\n<p><strong>Se voc\u00ea gosta do conte\u00fado que encontra aqui, por favor, nos ajude a mant\u00ea-lo. Para isso, basta usar os nossos links na hora de fazer suas reservas para viajar.  Assim recebemos uma pequena comiss\u00e3o e voc\u00ea n\u00e3o paga nada a mais por isso.  <\/strong><\/p>\n\n\n\n<ul class=\"wp-block-list\"><li><strong>Reserve seu hotel no <a href=\"https:\/\/www.booking.com\/index.html?aid=894710\" target=\"_blank\" rel=\"noreferrer noopener nofollow\">Booking.com<\/a><\/strong><\/li><li><strong>Fa\u00e7a cota\u00e7\u00e3o para seu <a href=\"https:\/\/www.seguroviagem.srv.br\/?agency=542\" target=\"_blank\" rel=\"noreferrer noopener nofollow\">Seguro de Viagem<\/a><\/strong><\/li><li><strong>Compre passeios na <a href=\"https:\/\/www.getyourguide.com.br\/?utm_force=0&amp;partner_id=IDZA681&amp;utm_medium=online_publisher&amp;placement=other\" target=\"_blank\" rel=\"noreferrer noopener nofollow\">GetYourGuide<\/a> <\/strong><\/li><li><strong>Compre ingressos fura-fila na <a href=\"https:\/\/www.tiqets.com\/pt?partner=+foradazonadeconforto+\" target=\"_blank\" rel=\"noreferrer noopener nofollow\">Tiqets<\/a><\/strong><\/li><li><strong>Alugue um carro na <a href=\"https:\/\/www.rentcars.com\/?requestorid=371\" target=\"_blank\" rel=\"noreferrer noopener nofollow\">RentCars<\/a><\/strong><\/li><li><strong>Encontre sua passagem a\u00e9rea na <a href=\"https:\/\/www.passagenspromo.com.br\/?utm_medium=afiliado&amp;pcrid=2102&amp;utm_source=site-blog\" target=\"_blank\" rel=\"noreferrer noopener nofollow\">Passagens Promo<\/a><\/strong><\/li><li><strong>Compre um chip internacional da <a href=\"https:\/\/www.easysim4u.com\/?utm_source=entrepolos&amp;utm_campaign=campanha_entrepolos&amp;\" target=\"_blank\" rel=\"noreferrer noopener nofollow\">EasySim4U<\/a>  <\/strong><\/li><\/ul>\n\n\n\n<p><span style=\"border-top-left-radius: 2px; border-top-right-radius: 2px; border-bottom-right-radius: 2px; border-bottom-left-radius: 2px; text-indent: 20px; width: auto; padding: 0px 4px 0px 0px; text-align: center; font-style: normal; font-variant-caps: normal; font-weight: bold; font-stretch: normal; font-size: 11px; line-height: 20px; font-family: 'Helvetica Neue', Helvetica, sans-serif; color: #ffffff; background-image: url(data:image\/svg+xml; base64,phn2zyb4bwxucz0iahr0cdovl3d3dy53my5vcmcvmjawmc9zdmciighlawdodd0imzbwecigd2lkdgg9ijmwchgiihzpzxdcb3g9ii0xic0xidmxidmxij48zz48cgf0acbkpsjnmjkundq5lde0ljy2mibdmjkundq5ldiyljcymiaymi44njgsmjkumju2ide0ljc1ldi5lji1nibdni42mzismjkumju2idaumduxldiyljcymiawlja1mswxnc42njigqzaumduxldyunjaxidyunjmyldaumdy3ide0ljc1ldaumdy3iemymi44njgsmc4wnjcgmjkundq5ldyunjaxidi5ljq0oswxnc42njiiigzpbgw9iinmzmyiihn0cm9rzt0ii2zmziigc3ryb2tllxdpzhropsixij48l3bhdgg+phbhdgggzd0itte0ljczmywxljy4nibdny41mtysms42odygms42njusny40otugms42njusmtqunjyyiemxljy2nswymc4xntkgns4xmdksmjquodu0idkuotcsmjyunzq0iem5ljg1niwyns43mtggos43ntmsmjqumtqzidewljaxniwymy4wmjigqzewlji1mywymi4wmsaxms41ndgsmtyuntcyidexlju0ocwxni41nzigqzexlju0ocwxni41nzigmteumtu3lde1ljc5nsaxms4xntcsmtqunjq2iemxms4xntcsmtiuodqyideyljixmswxms40otugmtmuntiyldexljq5nsbdmtqunjm3ldexljq5nsaxns4xnzusmtiumzi2ide1lje3nswxmy4zmjmgqze1lje3nswxnc40mzygmtqundyylde2ljegmtqumdkzlde3ljy0mybdmtmunzg1lde4ljkznsaxnc43ndusmtkuotg4ide2ljayocwxos45odggqze4ljm1mswxos45odggmjaumtm2lde3lju1niaymc4xmzysmtqumdq2iemymc4xmzysmtauotm5ide3ljg4ocw4ljc2nyaxnc42nzgsoc43njcgqzewljk1osw4ljc2nya4ljc3nywxms41mzygoc43nzcsmtqumzk4iem4ljc3nywxns41mtmgos4ymswxni43mdkgos43ndksmtcumzu5iem5ljg1niwxny40odggos44nzismtcunia5ljg0lde3ljczmsbdos43ndesmtgumtqxidkuntismtkumdizidkundc3lde5ljiwmybdos40miwxos40nca5lji4ocwxos40otegos4wncwxos4znzygqzcunda4lde4ljyymia2ljm4nywxni4yntigni4zodcsmtqumzq5iem2ljm4nywxmc4yntygos4zodmsni40otcgmtuumdiyldyundk3iemxos41ntusni40otcgmjmumdc4ldkunza1idizlja3ocwxmy45otegqzizlja3ocwxoc40njmgmjaumjm5ldiylja2miaxni4yotcsmjiumdyyiemxnc45nzmsmjiumdyyidezljcyocwyms4znzkgmtmumzayldiwlju3mibdmtmumzayldiwlju3miaxmi42ndcsmjmumdugmtiundg4ldizljy1nybdmtiumtkzldi0ljc4ncaxms4zotysmjyumtk2idewljg2mywyny4wntggqzeylja4niwyny40mzqgmtmumzg2ldi3ljyznyaxnc43mzmsmjcunjm3iemyms45nswyny42mzcgmjcuodaxldixljgyocayny44mdesmtqunjyyiemyny44mdesny40otugmjeuotusms42odygmtqunzmzldeunjg2iibmawxspsijymqwodfjij48l3bhdgg+pc9npjwvc3znpg==); background-size: 14px 14px; background-color: #bd081c; position: absolute; opacity: 1; z-index: 8675309; display: none; cursor: pointer; border: none; -webkit-font-smoothing: antialiased; top: 424px; left: 82px; background-position: 3px 50%; background-repeat: no-repeat no-repeat;\">Save<\/span><span style=\"border-top-left-radius: 2px; border-top-right-radius: 2px; border-bottom-right-radius: 2px; border-bottom-left-radius: 2px; text-indent: 20px; width: auto; padding: 0px 4px 0px 0px; text-align: center; font-style: normal; font-variant-caps: normal; font-weight: bold; font-stretch: normal; font-size: 11px; line-height: 20px; font-family: 'Helvetica Neue', Helvetica, sans-serif; color: #ffffff; background-image: url(data:image\/svg+xml; base64,phn2zyb4bwxucz0iahr0cdovl3d3dy53my5vcmcvmjawmc9zdmciighlawdodd0imzbwecigd2lkdgg9ijmwchgiihzpzxdcb3g9ii0xic0xidmxidmxij48zz48cgf0acbkpsjnmjkundq5lde0ljy2mibdmjkundq5ldiyljcymiaymi44njgsmjkumju2ide0ljc1ldi5lji1nibdni42mzismjkumju2idaumduxldiyljcymiawlja1mswxnc42njigqzaumduxldyunjaxidyunjmyldaumdy3ide0ljc1ldaumdy3iemymi44njgsmc4wnjcgmjkundq5ldyunjaxidi5ljq0oswxnc42njiiigzpbgw9iinmzmyiihn0cm9rzt0ii2zmziigc3ryb2tllxdpzhropsixij48l3bhdgg+phbhdgggzd0itte0ljczmywxljy4nibdny41mtysms42odygms42njusny40otugms42njusmtqunjyyiemxljy2nswymc4xntkgns4xmdksmjquodu0idkuotcsmjyunzq0iem5ljg1niwyns43mtggos43ntmsmjqumtqzidewljaxniwymy4wmjigqzewlji1mywymi4wmsaxms41ndgsmtyuntcyidexlju0ocwxni41nzigqzexlju0ocwxni41nzigmteumtu3lde1ljc5nsaxms4xntcsmtqunjq2iemxms4xntcsmtiuodqyideyljixmswxms40otugmtmuntiyldexljq5nsbdmtqunjm3ldexljq5nsaxns4xnzusmtiumzi2ide1lje3nswxmy4zmjmgqze1lje3nswxnc40mzygmtqundyylde2ljegmtqumdkzlde3ljy0mybdmtmunzg1lde4ljkznsaxnc43ndusmtkuotg4ide2ljayocwxos45odggqze4ljm1mswxos45odggmjaumtm2lde3lju1niaymc4xmzysmtqumdq2iemymc4xmzysmtauotm5ide3ljg4ocw4ljc2nyaxnc42nzgsoc43njcgqzewljk1osw4ljc2nya4ljc3nywxms41mzygoc43nzcsmtqumzk4iem4ljc3nywxns41mtmgos4ymswxni43mdkgos43ndksmtcumzu5iem5ljg1niwxny40odggos44nzismtcunia5ljg0lde3ljczmsbdos43ndesmtgumtqxidkuntismtkumdizidkundc3lde5ljiwmybdos40miwxos40nca5lji4ocwxos40otegos4wncwxos4znzygqzcunda4lde4ljyymia2ljm4nywxni4yntigni4zodcsmtqumzq5iem2ljm4nywxmc4yntygos4zodmsni40otcgmtuumdiyldyundk3iemxos41ntusni40otcgmjmumdc4ldkunza1idizlja3ocwxmy45otegqzizlja3ocwxoc40njmgmjaumjm5ldiylja2miaxni4yotcsmjiumdyyiemxnc45nzmsmjiumdyyidezljcyocwyms4znzkgmtmumzayldiwlju3mibdmtmumzayldiwlju3miaxmi42ndcsmjmumdugmtiundg4ldizljy1nybdmtiumtkzldi0ljc4ncaxms4zotysmjyumtk2idewljg2mywyny4wntggqzeylja4niwyny40mzqgmtmumzg2ldi3ljyznyaxnc43mzmsmjcunjm3iemyms45nswyny42mzcgmjcuodaxldixljgyocayny44mdesmtqunjyyiemyny44mdesny40otugmjeuotusms42odygmtqunzmzldeunjg2iibmawxspsijymqwodfjij48l3bhdgg+pc9npjwvc3znpg==); background-size: 14px 14px; background-color: #bd081c; position: absolute; opacity: 1; z-index: 8675309; display: none; cursor: pointer; border: none; -webkit-font-smoothing: antialiased; top: 424px; left: 82px; background-position: 3px 50%; background-repeat: no-repeat no-repeat;\">Save<\/span><\/p>\n\n<!--themify_builder_content-->\n<div id=\"themify_builder_content-9095\" data-postid=\"9095\" class=\"themify_builder_content themify_builder_content-9095 themify_builder tf_clear\">\n    <\/div>\n<!--\/themify_builder_content--><\/div><\/div>\n\n<!--themify_builder_content-->\n<div id=\"themify_builder_content-9095\" data-postid=\"9095\" class=\"themify_builder_content themify_builder_content-9095 themify_builder tf_clear\">\n    <\/div>\n<!--\/themify_builder_content-->","protected":false},"excerpt":{"rendered":"<p>H\u00e1 muito tempo, quando fiz uma postagem sobre a Capela das Apari\u00e7\u00f5es em F\u00e1tima, recebi uma mensagem me dizendo que existia uma r\u00e9plica daquela capela no Rio de Janeiro. Desde ent\u00e3o, toda vez que vou ao Rio, fico com vontade de ir conhecer a tal r\u00e9plica. Finalmente em minha \u00faltima viagem \u00e0 cidade maravilhosa, isso [&hellip;]<\/p>\n","protected":false},"author":0,"featured_media":9096,"comment_status":"open","ping_status":"open","sticky":false,"template":"","format":"standard","meta":{"om_disable_all_campaigns":false,"_lmt_disableupdate":"","_lmt_disable":"","_monsterinsights_skip_tracking":false,"_monsterinsights_sitenote_active":false,"_monsterinsights_sitenote_note":"","_monsterinsights_sitenote_category":0,"footnotes":""},"categories":[5,289,257],"tags":[308,251,373,254],"class_list":["post-9095","post","type-post","status-publish","format-standard","has-post-thumbnail","hentry","category-brasil","category-rio-de-janeiro","category-santuario","tag-destino-rbbv","tag-santuario","tag-santuario-brasil","tag-santuario-de-fatima","has-post-title","has-post-date","has-post-category","has-post-tag","has-post-comment","has-post-author",""],"yoast_head":"<!-- This site is optimized with the Yoast SEO plugin v27.4 - https:\/\/yoast.com\/product\/yoast-seo-wordpress\/ -->\n<title>Tudo Sobre a R\u00e9plica da Capela das Apari\u00e7\u00f5es da F\u00e1tima no Rio de Janeiro<\/title>\n<meta name=\"description\" content=\"Veja tudo o que voc\u00ea precisa saber para conhecer a r\u00e9plica brasileira da Capela das Apari\u00e7\u00f5es do Santu\u00e1rio de Nossa Senhora de F\u00e1tima.\" \/>\n<meta name=\"robots\" content=\"index, follow, max-snippet:-1, max-image-preview:large, max-video-preview:-1\" \/>\n<link rel=\"canonical\" href=\"https:\/\/foradazonadeconforto.com\/entrepolos\/capela-das-aparicoes-rio-de-janeiro\/\" \/>\n<meta property=\"og:locale\" content=\"pt_BR\" \/>\n<meta property=\"og:type\" content=\"article\" \/>\n<meta property=\"og:title\" content=\"Tudo Sobre a R\u00e9plica da Capela das Apari\u00e7\u00f5es da F\u00e1tima no Rio de Janeiro\" \/>\n<meta property=\"og:description\" content=\"Veja tudo o que voc\u00ea precisa saber para conhecer a r\u00e9plica brasileira da Capela das Apari\u00e7\u00f5es do Santu\u00e1rio de Nossa Senhora de F\u00e1tima.\" \/>\n<meta property=\"og:url\" content=\"https:\/\/foradazonadeconforto.com\/entrepolos\/capela-das-aparicoes-rio-de-janeiro\/\" \/>\n<meta property=\"og:site_name\" content=\"Entre Polos\" \/>\n<meta property=\"article:publisher\" content=\"https:\/\/www.facebook.com\/blogentrepolos\/\" \/>\n<meta property=\"article:published_time\" content=\"2019-08-02T22:21:47+00:00\" \/>\n<meta property=\"article:modified_time\" content=\"2023-03-21T20:46:20+00:00\" \/>\n<meta property=\"og:image\" content=\"https:\/\/foradazonadeconforto.com\/entrepolos\/wp-content\/uploads\/2019\/08\/Capela-das-Aparic\u0327o\u0303es11-1.jpg\" \/>\n\t<meta property=\"og:image:width\" content=\"1000\" \/>\n\t<meta property=\"og:image:height\" content=\"566\" \/>\n\t<meta property=\"og:image:type\" content=\"image\/jpeg\" \/>\n<meta name=\"twitter:card\" content=\"summary_large_image\" \/>\n<meta name=\"twitter:creator\" content=\"@BlogEntrePolos\" \/>\n<meta name=\"twitter:site\" content=\"@BlogEntrePolos\" \/>\n<meta name=\"twitter:label1\" content=\"Est. tempo de leitura\" \/>\n\t<meta name=\"twitter:data1\" content=\"7 minutos\" \/>\n<script type=\"application\/ld+json\" class=\"yoast-schema-graph\">{\"@context\":\"https:\\\/\\\/schema.org\",\"@graph\":[{\"@type\":\"Article\",\"@id\":\"https:\\\/\\\/foradazonadeconforto.com\\\/entrepolos\\\/capela-das-aparicoes-rio-de-janeiro\\\/#article\",\"isPartOf\":{\"@id\":\"https:\\\/\\\/foradazonadeconforto.com\\\/entrepolos\\\/capela-das-aparicoes-rio-de-janeiro\\\/\"},\"author\":{\"name\":\"\",\"@id\":\"\"},\"headline\":\"Tudo Sobre a R\u00e9plica da Capela das Apari\u00e7\u00f5es da F\u00e1tima no Rio de Janeiro\",\"datePublished\":\"2019-08-02T22:21:47+00:00\",\"dateModified\":\"2023-03-21T20:46:20+00:00\",\"mainEntityOfPage\":{\"@id\":\"https:\\\/\\\/foradazonadeconforto.com\\\/entrepolos\\\/capela-das-aparicoes-rio-de-janeiro\\\/\"},\"wordCount\":865,\"commentCount\":0,\"image\":{\"@id\":\"https:\\\/\\\/foradazonadeconforto.com\\\/entrepolos\\\/capela-das-aparicoes-rio-de-janeiro\\\/#primaryimage\"},\"thumbnailUrl\":\"https:\\\/\\\/foradazonadeconforto.com\\\/entrepolos\\\/wp-content\\\/uploads\\\/2019\\\/08\\\/Capela-das-Aparic\u0327o\u0303es11-1.jpg\",\"keywords\":[\"destino rbbv\",\"Santu\u00e1rio\",\"Santu\u00e1rio Brasil\",\"Santu\u00e1rio de F\u00e1tima\"],\"articleSection\":[\"Brasil\",\"Rio de Janeiro\",\"Santu\u00e1rio\"],\"inLanguage\":\"pt-BR\",\"potentialAction\":[{\"@type\":\"CommentAction\",\"name\":\"Comment\",\"target\":[\"https:\\\/\\\/foradazonadeconforto.com\\\/entrepolos\\\/capela-das-aparicoes-rio-de-janeiro\\\/#respond\"]}]},{\"@type\":\"WebPage\",\"@id\":\"https:\\\/\\\/foradazonadeconforto.com\\\/entrepolos\\\/capela-das-aparicoes-rio-de-janeiro\\\/\",\"url\":\"https:\\\/\\\/foradazonadeconforto.com\\\/entrepolos\\\/capela-das-aparicoes-rio-de-janeiro\\\/\",\"name\":\"Tudo Sobre a R\u00e9plica da Capela das Apari\u00e7\u00f5es da F\u00e1tima no Rio de Janeiro\",\"isPartOf\":{\"@id\":\"https:\\\/\\\/foradazonadeconforto.com\\\/entrepolos\\\/#website\"},\"primaryImageOfPage\":{\"@id\":\"https:\\\/\\\/foradazonadeconforto.com\\\/entrepolos\\\/capela-das-aparicoes-rio-de-janeiro\\\/#primaryimage\"},\"image\":{\"@id\":\"https:\\\/\\\/foradazonadeconforto.com\\\/entrepolos\\\/capela-das-aparicoes-rio-de-janeiro\\\/#primaryimage\"},\"thumbnailUrl\":\"https:\\\/\\\/foradazonadeconforto.com\\\/entrepolos\\\/wp-content\\\/uploads\\\/2019\\\/08\\\/Capela-das-Aparic\u0327o\u0303es11-1.jpg\",\"datePublished\":\"2019-08-02T22:21:47+00:00\",\"dateModified\":\"2023-03-21T20:46:20+00:00\",\"author\":{\"@id\":\"\"},\"description\":\"Veja tudo o que voc\u00ea precisa saber para conhecer a r\u00e9plica brasileira da Capela das Apari\u00e7\u00f5es do Santu\u00e1rio de Nossa Senhora de F\u00e1tima.\",\"breadcrumb\":{\"@id\":\"https:\\\/\\\/foradazonadeconforto.com\\\/entrepolos\\\/capela-das-aparicoes-rio-de-janeiro\\\/#breadcrumb\"},\"inLanguage\":\"pt-BR\",\"potentialAction\":[{\"@type\":\"ReadAction\",\"target\":[\"https:\\\/\\\/foradazonadeconforto.com\\\/entrepolos\\\/capela-das-aparicoes-rio-de-janeiro\\\/\"]}]},{\"@type\":\"ImageObject\",\"inLanguage\":\"pt-BR\",\"@id\":\"https:\\\/\\\/foradazonadeconforto.com\\\/entrepolos\\\/capela-das-aparicoes-rio-de-janeiro\\\/#primaryimage\",\"url\":\"https:\\\/\\\/foradazonadeconforto.com\\\/entrepolos\\\/wp-content\\\/uploads\\\/2019\\\/08\\\/Capela-das-Aparic\u0327o\u0303es11-1.jpg\",\"contentUrl\":\"https:\\\/\\\/foradazonadeconforto.com\\\/entrepolos\\\/wp-content\\\/uploads\\\/2019\\\/08\\\/Capela-das-Aparic\u0327o\u0303es11-1.jpg\",\"width\":1000,\"height\":566,\"caption\":\"Capela das Aparic\u0327o\u0303es\"},{\"@type\":\"BreadcrumbList\",\"@id\":\"https:\\\/\\\/foradazonadeconforto.com\\\/entrepolos\\\/capela-das-aparicoes-rio-de-janeiro\\\/#breadcrumb\",\"itemListElement\":[{\"@type\":\"ListItem\",\"position\":1,\"name\":\"In\u00edcio\",\"item\":\"https:\\\/\\\/foradazonadeconforto.com\\\/entrepolos\\\/\"},{\"@type\":\"ListItem\",\"position\":2,\"name\":\"Tudo Sobre a R\u00e9plica da Capela das Apari\u00e7\u00f5es da F\u00e1tima no Rio de Janeiro\"}]},{\"@type\":\"WebSite\",\"@id\":\"https:\\\/\\\/foradazonadeconforto.com\\\/entrepolos\\\/#website\",\"url\":\"https:\\\/\\\/foradazonadeconforto.com\\\/entrepolos\\\/\",\"name\":\"Entre Polos\",\"description\":\"Inspire-se para viajar mais.\",\"potentialAction\":[{\"@type\":\"SearchAction\",\"target\":{\"@type\":\"EntryPoint\",\"urlTemplate\":\"https:\\\/\\\/foradazonadeconforto.com\\\/entrepolos\\\/?s={search_term_string}\"},\"query-input\":{\"@type\":\"PropertyValueSpecification\",\"valueRequired\":true,\"valueName\":\"search_term_string\"}}],\"inLanguage\":\"pt-BR\"}]}<\/script>\n<!-- \/ Yoast SEO plugin. -->","yoast_head_json":{"title":"Tudo Sobre a R\u00e9plica da Capela das Apari\u00e7\u00f5es da F\u00e1tima no Rio de Janeiro","description":"Veja tudo o que voc\u00ea precisa saber para conhecer a r\u00e9plica brasileira da Capela das Apari\u00e7\u00f5es do Santu\u00e1rio de Nossa Senhora de F\u00e1tima.","robots":{"index":"index","follow":"follow","max-snippet":"max-snippet:-1","max-image-preview":"max-image-preview:large","max-video-preview":"max-video-preview:-1"},"canonical":"https:\/\/foradazonadeconforto.com\/entrepolos\/capela-das-aparicoes-rio-de-janeiro\/","og_locale":"pt_BR","og_type":"article","og_title":"Tudo Sobre a R\u00e9plica da Capela das Apari\u00e7\u00f5es da F\u00e1tima no Rio de Janeiro","og_description":"Veja tudo o que voc\u00ea precisa saber para conhecer a r\u00e9plica brasileira da Capela das Apari\u00e7\u00f5es do Santu\u00e1rio de Nossa Senhora de F\u00e1tima.","og_url":"https:\/\/foradazonadeconforto.com\/entrepolos\/capela-das-aparicoes-rio-de-janeiro\/","og_site_name":"Entre Polos","article_publisher":"https:\/\/www.facebook.com\/blogentrepolos\/","article_published_time":"2019-08-02T22:21:47+00:00","article_modified_time":"2023-03-21T20:46:20+00:00","og_image":[{"width":1000,"height":566,"url":"https:\/\/foradazonadeconforto.com\/entrepolos\/wp-content\/uploads\/2019\/08\/Capela-das-Aparic\u0327o\u0303es11-1.jpg","type":"image\/jpeg"}],"twitter_card":"summary_large_image","twitter_creator":"@BlogEntrePolos","twitter_site":"@BlogEntrePolos","twitter_misc":{"Est. tempo de leitura":"7 minutos"},"schema":{"@context":"https:\/\/schema.org","@graph":[{"@type":"Article","@id":"https:\/\/foradazonadeconforto.com\/entrepolos\/capela-das-aparicoes-rio-de-janeiro\/#article","isPartOf":{"@id":"https:\/\/foradazonadeconforto.com\/entrepolos\/capela-das-aparicoes-rio-de-janeiro\/"},"author":{"name":"","@id":""},"headline":"Tudo Sobre a R\u00e9plica da Capela das Apari\u00e7\u00f5es da F\u00e1tima no Rio de Janeiro","datePublished":"2019-08-02T22:21:47+00:00","dateModified":"2023-03-21T20:46:20+00:00","mainEntityOfPage":{"@id":"https:\/\/foradazonadeconforto.com\/entrepolos\/capela-das-aparicoes-rio-de-janeiro\/"},"wordCount":865,"commentCount":0,"image":{"@id":"https:\/\/foradazonadeconforto.com\/entrepolos\/capela-das-aparicoes-rio-de-janeiro\/#primaryimage"},"thumbnailUrl":"https:\/\/foradazonadeconforto.com\/entrepolos\/wp-content\/uploads\/2019\/08\/Capela-das-Aparic\u0327o\u0303es11-1.jpg","keywords":["destino rbbv","Santu\u00e1rio","Santu\u00e1rio Brasil","Santu\u00e1rio de F\u00e1tima"],"articleSection":["Brasil","Rio de Janeiro","Santu\u00e1rio"],"inLanguage":"pt-BR","potentialAction":[{"@type":"CommentAction","name":"Comment","target":["https:\/\/foradazonadeconforto.com\/entrepolos\/capela-das-aparicoes-rio-de-janeiro\/#respond"]}]},{"@type":"WebPage","@id":"https:\/\/foradazonadeconforto.com\/entrepolos\/capela-das-aparicoes-rio-de-janeiro\/","url":"https:\/\/foradazonadeconforto.com\/entrepolos\/capela-das-aparicoes-rio-de-janeiro\/","name":"Tudo Sobre a R\u00e9plica da Capela das Apari\u00e7\u00f5es da F\u00e1tima no Rio de Janeiro","isPartOf":{"@id":"https:\/\/foradazonadeconforto.com\/entrepolos\/#website"},"primaryImageOfPage":{"@id":"https:\/\/foradazonadeconforto.com\/entrepolos\/capela-das-aparicoes-rio-de-janeiro\/#primaryimage"},"image":{"@id":"https:\/\/foradazonadeconforto.com\/entrepolos\/capela-das-aparicoes-rio-de-janeiro\/#primaryimage"},"thumbnailUrl":"https:\/\/foradazonadeconforto.com\/entrepolos\/wp-content\/uploads\/2019\/08\/Capela-das-Aparic\u0327o\u0303es11-1.jpg","datePublished":"2019-08-02T22:21:47+00:00","dateModified":"2023-03-21T20:46:20+00:00","author":{"@id":""},"description":"Veja tudo o que voc\u00ea precisa saber para conhecer a r\u00e9plica brasileira da Capela das Apari\u00e7\u00f5es do Santu\u00e1rio de Nossa Senhora de F\u00e1tima.","breadcrumb":{"@id":"https:\/\/foradazonadeconforto.com\/entrepolos\/capela-das-aparicoes-rio-de-janeiro\/#breadcrumb"},"inLanguage":"pt-BR","potentialAction":[{"@type":"ReadAction","target":["https:\/\/foradazonadeconforto.com\/entrepolos\/capela-das-aparicoes-rio-de-janeiro\/"]}]},{"@type":"ImageObject","inLanguage":"pt-BR","@id":"https:\/\/foradazonadeconforto.com\/entrepolos\/capela-das-aparicoes-rio-de-janeiro\/#primaryimage","url":"https:\/\/foradazonadeconforto.com\/entrepolos\/wp-content\/uploads\/2019\/08\/Capela-das-Aparic\u0327o\u0303es11-1.jpg","contentUrl":"https:\/\/foradazonadeconforto.com\/entrepolos\/wp-content\/uploads\/2019\/08\/Capela-das-Aparic\u0327o\u0303es11-1.jpg","width":1000,"height":566,"caption":"Capela das Aparic\u0327o\u0303es"},{"@type":"BreadcrumbList","@id":"https:\/\/foradazonadeconforto.com\/entrepolos\/capela-das-aparicoes-rio-de-janeiro\/#breadcrumb","itemListElement":[{"@type":"ListItem","position":1,"name":"In\u00edcio","item":"https:\/\/foradazonadeconforto.com\/entrepolos\/"},{"@type":"ListItem","position":2,"name":"Tudo Sobre a R\u00e9plica da Capela das Apari\u00e7\u00f5es da F\u00e1tima no Rio de Janeiro"}]},{"@type":"WebSite","@id":"https:\/\/foradazonadeconforto.com\/entrepolos\/#website","url":"https:\/\/foradazonadeconforto.com\/entrepolos\/","name":"Entre Polos","description":"Inspire-se para viajar mais.","potentialAction":[{"@type":"SearchAction","target":{"@type":"EntryPoint","urlTemplate":"https:\/\/foradazonadeconforto.com\/entrepolos\/?s={search_term_string}"},"query-input":{"@type":"PropertyValueSpecification","valueRequired":true,"valueName":"search_term_string"}}],"inLanguage":"pt-BR"}]}},"modified_by":"Rodrigo Souza","amp_enabled":true,"builder_content":"","_links":{"self":[{"href":"https:\/\/foradazonadeconforto.com\/entrepolos\/wp-json\/wp\/v2\/posts\/9095","targetHints":{"allow":["GET"]}}],"collection":[{"href":"https:\/\/foradazonadeconforto.com\/entrepolos\/wp-json\/wp\/v2\/posts"}],"about":[{"href":"https:\/\/foradazonadeconforto.com\/entrepolos\/wp-json\/wp\/v2\/types\/post"}],"replies":[{"embeddable":true,"href":"https:\/\/foradazonadeconforto.com\/entrepolos\/wp-json\/wp\/v2\/comments?post=9095"}],"version-history":[{"count":9,"href":"https:\/\/foradazonadeconforto.com\/entrepolos\/wp-json\/wp\/v2\/posts\/9095\/revisions"}],"predecessor-version":[{"id":12620,"href":"https:\/\/foradazonadeconforto.com\/entrepolos\/wp-json\/wp\/v2\/posts\/9095\/revisions\/12620"}],"wp:featuredmedia":[{"embeddable":true,"href":"https:\/\/foradazonadeconforto.com\/entrepolos\/wp-json\/wp\/v2\/media\/9096"}],"wp:attachment":[{"href":"https:\/\/foradazonadeconforto.com\/entrepolos\/wp-json\/wp\/v2\/media?parent=9095"}],"wp:term":[{"taxonomy":"category","embeddable":true,"href":"https:\/\/foradazonadeconforto.com\/entrepolos\/wp-json\/wp\/v2\/categories?post=9095"},{"taxonomy":"post_tag","embeddable":true,"href":"https:\/\/foradazonadeconforto.com\/entrepolos\/wp-json\/wp\/v2\/tags?post=9095"}],"curies":[{"name":"wp","href":"https:\/\/api.w.org\/{rel}","templated":true}]}}